{"id":17191,"date":"2015-08-10T13:12:41","date_gmt":"2015-08-10T18:12:41","guid":{"rendered":"https:\/\/radiowebmx.com\/nota\/?p=17191"},"modified":"2015-08-10T13:12:41","modified_gmt":"2015-08-10T18:12:41","slug":"carrera-de-montana-prueba-de-compromiso-y-tenacidad-abud","status":"publish","type":"post","link":"https:\/\/radiowebmx.com\/nota\/carrera-de-montana-prueba-de-compromiso-y-tenacidad-abud\/","title":{"rendered":"Carrera de Monta\u00f1a, prueba de compromiso y tenacidad: Abud"},"content":{"rendered":"<p>El presidente municipal de Morelia, Salvador Abud Mirabent, dio\u00a0el banderazo de salida a los 112 concursantes del\u00a0Campeonato Nacional de Carreras de Monta\u00f1a 2015, que se realiz\u00f3 este domingo en la comunidad de San Jos\u00e9 de las Torres, en distancias de 4, 8 y 12 kil\u00f3metros, para las categor\u00edas Infantil, Juvenil y Libre, respectivamente.<\/p>\n<p>&nbsp;<\/p>\n<p>El edil moreliano, recibi\u00f3 a los participantes, provenientes de Jalisco, Estado de M\u00e9xico, Puebla, Quer\u00e9taro, Distrito Federal y Michoac\u00e1n, en el paraje natural sede de la competencia, selectiva\u00a0para el mundial de la especialidad, que se disputar\u00e1 en Gales, Reino Unido, el pr\u00f3ximo mes de septiembre.<\/p>\n<p>&nbsp;<\/p>\n<p>De este modo, Abud Mirabent reconoci\u00f3 el compromiso y la tenacidad de los deportistas, pero tambi\u00e9n se\u00f1al\u00f3 la oportunidad de fortalecer la mente y el esp\u00edritu, a trav\u00e9s de la pr\u00e1ctica de actividades sanas entre ni\u00f1os, j\u00f3venes y profesionales.<\/p>\n<p>&nbsp;<\/p>\n<p>Acompa\u00f1ado por Nicol\u00e1s Monta\u00f1\u00e9s, encargado del orden de San Jos\u00e9 de las Torres, el alcalde dio apertura a la carrera, para el cual se traz\u00f3 un circuito de 2 kil\u00f3metros.<\/p>\n<p>&nbsp;<\/p>\n<p>Organizado por la Federaci\u00f3n Mexicana de Asociaciones de Atletismo (FMAA) y la Asociaci\u00f3n Michoacana de la especialidad, en coordinaci\u00f3n con el Instituto Municipal de Cultura F\u00edsica y Deporte (IMDE), cont\u00f3 con la participaci\u00f3n de 40 especialistas en campo traviesa o monta\u00f1a, modalidad de carreras que est\u00e1 creciendo en el pa\u00eds, a trav\u00e9s del apoyo de las autoridades.<\/p>\n<p>&nbsp;<\/p>\n<p><b>Resultados de la competencia:<\/b><b><\/b><\/p>\n<p><b>\u00a0<\/b><\/p>\n<p><b>Libre Varonil 12 km<\/b><\/p>\n<p>1.- Said D\u00edaz Cer\u00f3n\u00a0\u00a0\u00a0\u00a0\u00a0\u00a0\u00a0\u00a0\u00a0\u00a0\u00a0 Edo. M\u00e9x.\u00a0\u00a0\u00a0\u00a0\u00a0 51\u201905\u2019\u2019<\/p>\n<p>2.- Mario A. Ramiro Puebla\u00a0\u00a0\u00a0\u00a0\u00a0\u00a0\u00a0\u00a0\u00a0\u00a0 51\u201942\u2019\u2019<\/p>\n<p>3.- V\u00edctor Mercado\u00a0\u00a0 Michoac\u00e1n\u00a0\u00a0\u00a0 53\u201933\u2019\u2019<\/p>\n<p>&nbsp;<\/p>\n<p><b>Libre Femenil 8 km<\/b><\/p>\n<p>1.- Carmen Trinidad Ramiro\u00a0\u00a0\u00a0\u00a0\u00a0\u00a0\u00a0\u00a0 Puebla\u00a0\u00a0\u00a0\u00a0\u00a0\u00a0\u00a0\u00a0\u00a0\u00a0 42\u201900\u2019\u2019<\/p>\n<p>2.- Magdalena Barba\u00a0\u00a0\u00a0\u00a0\u00a0\u00a0\u00a0\u00a0\u00a0\u00a0\u00a0\u00a0\u00a0\u00a0\u00a0\u00a0\u00a0\u00a0\u00a0\u00a0 Jalisco\u00a0\u00a0\u00a0\u00a0\u00a0\u00a0\u00a0\u00a0\u00a0\u00a0 46\u201916\u2019\u2019<\/p>\n<p>3.- Florentina Morales\u00a0\u00a0\u00a0\u00a0\u00a0\u00a0\u00a0\u00a0\u00a0\u00a0\u00a0\u00a0\u00a0\u00a0\u00a0\u00a0\u00a0\u00a0\u00a0 Edo. M\u00e9x.\u00a0\u00a0\u00a0\u00a0\u00a0 46\u201954\u2019\u2019<\/p>\n<p><b>\u00a0<\/b><\/p>\n<p><b>Juvenil Varonil 8 km<\/b><\/p>\n<p>1.- Jes\u00fas Carera\u00a0\u00a0\u00a0\u00a0\u00a0 Quer\u00e9taro\u00a0\u00a0\u00a0\u00a0\u00a0 35\u201900\u2019\u2019<\/p>\n<p>2.- Emanuel Toribio\u00a0\u00a0\u00a0\u00a0\u00a0\u00a0\u00a0\u00a0\u00a0\u00a0\u00a0 Quer\u00e9taro\u00a0\u00a0\u00a0\u00a0\u00a0 35\u201938\u2019\u2019<\/p>\n<p>3.- Jos\u00e9 Dom\u00ednguez Edo. M\u00e9x.\u00a0\u00a0\u00a0 38\u201903\u2019\u2019<\/p>\n<p>&nbsp;<\/p>\n<p><b>Juvenil Femenil 4 km<\/b><\/p>\n<p>1.- Diana Vel\u00e1zquez Edo. M\u00e9x.\u00a0\u00a0 \u00a0\u00a0\u00a0\u00a0\u00a0\u00a0\u00a0\u00a0\u00a0\u00a0 23\u201904\u2019\u2019<\/p>\n<p>2.- Adriana Prado\u00a0\u00a0\u00a0 Michoac\u00e1n\u00a0\u00a0\u00a0\u00a0\u00a0\u00a0\u00a0\u00a0\u00a0\u00a0\u00a0\u00a0\u00a0\u00a0 23\u201925\u2019\u2019<\/p>\n<p>3.- Britany Rivera\u00a0\u00a0\u00a0 Michoac\u00e1n\u00a0\u00a0\u00a0\u00a0\u00a0\u00a0\u00a0\u00a0\u00a0\u00a0\u00a0\u00a0\u00a0\u00a0 25\u201926\u2019\u2019<\/p>\n","protected":false},"excerpt":{"rendered":"<p> El presidente municipal de Morelia, Salvador Abud Mirabent, dio el banderazo de salida a los 112 concursantes del Campeonato Nacional de Carreras de Monta\u00f1a 2015, que se realiz\u00f3 este domingo en la comunidad de San Jos\u00e9 de las Torres, en distancias de 4, 8 y 12 kil\u00f3metros, <\/p>\n","protected":false},"author":1,"featured_media":17192,"comment_status":"open","ping_status":"open","sticky":false,"template":"","format":"standard","meta":{"footnotes":""},"categories":[14,9],"tags":[],"class_list":["post-17191","post","type-post","status-publish","format-standard","has-post-thumbnail","hentry","category-destacadas","category-morelia"],"_links":{"self":[{"href":"https:\/\/radiowebmx.com\/nota\/wp-json\/wp\/v2\/posts\/17191","targetHints":{"allow":["GET"]}}],"collection":[{"href":"https:\/\/radiowebmx.com\/nota\/wp-json\/wp\/v2\/posts"}],"about":[{"href":"https:\/\/radiowebmx.com\/nota\/wp-json\/wp\/v2\/types\/post"}],"author":[{"embeddable":true,"href":"https:\/\/radiowebmx.com\/nota\/wp-json\/wp\/v2\/users\/1"}],"replies":[{"embeddable":true,"href":"https:\/\/radiowebmx.com\/nota\/wp-json\/wp\/v2\/comments?post=17191"}],"version-history":[{"count":1,"href":"https:\/\/radiowebmx.com\/nota\/wp-json\/wp\/v2\/posts\/17191\/revisions"}],"predecessor-version":[{"id":17193,"href":"https:\/\/radiowebmx.com\/nota\/wp-json\/wp\/v2\/posts\/17191\/revisions\/17193"}],"wp:featuredmedia":[{"embeddable":true,"href":"https:\/\/radiowebmx.com\/nota\/wp-json\/wp\/v2\/media\/17192"}],"wp:attachment":[{"href":"https:\/\/radiowebmx.com\/nota\/wp-json\/wp\/v2\/media?parent=17191"}],"wp:term":[{"taxonomy":"category","embeddable":true,"href":"https:\/\/radiowebmx.com\/nota\/wp-json\/wp\/v2\/categories?post=17191"},{"taxonomy":"post_tag","embeddable":true,"href":"https:\/\/radiowebmx.com\/nota\/wp-json\/wp\/v2\/tags?post=17191"}],"curies":[{"name":"wp","href":"https:\/\/api.w.org\/{rel}","templated":true}]}}