{"id":17183,"date":"2015-08-10T12:39:47","date_gmt":"2015-08-10T17:39:47","guid":{"rendered":"https:\/\/radiowebmx.com\/nota\/?p=17183"},"modified":"2015-08-10T12:39:47","modified_gmt":"2015-08-10T17:39:47","slug":"beatriz-resendiz-gana-oro-en-parapanamericanos-de-toronto","status":"publish","type":"post","link":"https:\/\/radiowebmx.com\/nota\/beatriz-resendiz-gana-oro-en-parapanamericanos-de-toronto\/","title":{"rendered":"Beatriz Res\u00e9ndiz gana Oro en Parapanamericanos de Toronto"},"content":{"rendered":"<p>La tarde de este s\u00e1bado, la nadadora moreliana Beatriz Res\u00e9ndiz Garc\u00eda, gan\u00f3 su primera medalla de oro en los Juegos Parapanamericanos de Toronto 2015, al adelantarse en la prueba de 200 metros libres, con un tiempo de 2 minutos, 21 segundos, 62 cent\u00e9simas, seguida por la canadiende Cristy Kasko y la estadounidense Leslie Cichoski.<\/p>\n<p>&nbsp;<\/p>\n<p>El subjefe de Misi\u00f3n de la delegaci\u00f3n nacional que participa en la competencia con sede en Canad\u00e1, Miguel \u00c1ngel Garc\u00eda Meza, quien tambi\u00e9n es director general del Instituto Municipal de Cultura F\u00edsica y Deporte (IMDE) y presidente de Federaci\u00f3n Mexicana de Deportistas Especiales (FEMEDE), consider\u00f3 que victorias como \u00e9sta impulsan el desarrollo y crecimiento de los competidores del pa\u00eds, adem\u00e1s de fortalecer su identidad y orgullo como representantes de M\u00e9xico.<\/p>\n<p>&nbsp;<\/p>\n<p>Garc\u00eda Meza destac\u00f3 que los nadadores no tuvieron necesidad de concentrarse en la ciudad de M\u00e9xico, como en ocasiones anteriores, porque pudieron hacerlo en la alberca \u201cMedallistas Paral\u00edmpicos\u201d de la capital michoacana, que ya empez\u00f3 a producir campeones.<\/p>\n<p>&nbsp;<\/p>\n<p>Reconoci\u00f3 que lo anterior es resultado de las pol\u00edticas transversales aplicadas por el Ayuntamiento de Morelia, con la construcci\u00f3n de infraestructura deportiva y la atenci\u00f3n integral a las personas con y sin discapacidad, por personal altamente calificado, por lo que exhort\u00f3 a la poblaci\u00f3n en general para practicar la cultura de la inclusi\u00f3n.<\/p>\n<p>&nbsp;<\/p>\n<p>El titular del IMDE record\u00f3 que Beatriz Res\u00e9ndiz se desempe\u00f1a desde m\u00e1s de tres a\u00f1os como entrenadora en los dos complejos acu\u00e1ticos administrados por la dependencia municipal, y que otras12 personas con discapacidad son parte del equipo de trabajo de la instituci\u00f3n.<\/p>\n","protected":false},"excerpt":{"rendered":"<p>La tarde de este s\u00e1bado, la nadadora moreliana Beatriz Res\u00e9ndiz Garc\u00eda, gan\u00f3 su primera medalla de oro en los Juegos Parapanamericanos de Toronto 2015, al adelantarse en la prueba de 200 metros libres, con un tiempo de 2 minutos, 21 segundos, 62 cent\u00e9simas, <\/p>\n","protected":false},"author":1,"featured_media":17184,"comment_status":"open","ping_status":"open","sticky":false,"template":"","format":"standard","meta":{"footnotes":""},"categories":[14,3],"tags":[],"class_list":["post-17183","post","type-post","status-publish","format-standard","has-post-thumbnail","hentry","category-destacadas","category-gobierno-del-estado-de-michoacan"],"_links":{"self":[{"href":"https:\/\/radiowebmx.com\/nota\/wp-json\/wp\/v2\/posts\/17183","targetHints":{"allow":["GET"]}}],"collection":[{"href":"https:\/\/radiowebmx.com\/nota\/wp-json\/wp\/v2\/posts"}],"about":[{"href":"https:\/\/radiowebmx.com\/nota\/wp-json\/wp\/v2\/types\/post"}],"author":[{"embeddable":true,"href":"https:\/\/radiowebmx.com\/nota\/wp-json\/wp\/v2\/users\/1"}],"replies":[{"embeddable":true,"href":"https:\/\/radiowebmx.com\/nota\/wp-json\/wp\/v2\/comments?post=17183"}],"version-history":[{"count":1,"href":"https:\/\/radiowebmx.com\/nota\/wp-json\/wp\/v2\/posts\/17183\/revisions"}],"predecessor-version":[{"id":17185,"href":"https:\/\/radiowebmx.com\/nota\/wp-json\/wp\/v2\/posts\/17183\/revisions\/17185"}],"wp:featuredmedia":[{"embeddable":true,"href":"https:\/\/radiowebmx.com\/nota\/wp-json\/wp\/v2\/media\/17184"}],"wp:attachment":[{"href":"https:\/\/radiowebmx.com\/nota\/wp-json\/wp\/v2\/media?parent=17183"}],"wp:term":[{"taxonomy":"category","embeddable":true,"href":"https:\/\/radiowebmx.com\/nota\/wp-json\/wp\/v2\/categories?post=17183"},{"taxonomy":"post_tag","embeddable":true,"href":"https:\/\/radiowebmx.com\/nota\/wp-json\/wp\/v2\/tags?post=17183"}],"curies":[{"name":"wp","href":"https:\/\/api.w.org\/{rel}","templated":true}]}}