{"id":17171,"date":"2015-08-10T11:44:43","date_gmt":"2015-08-10T16:44:43","guid":{"rendered":"https:\/\/radiowebmx.com\/nota\/?p=17171"},"modified":"2015-08-10T11:44:43","modified_gmt":"2015-08-10T16:44:43","slug":"caravanas-unidos-por-tu-bienestar-visitaron-santiago-undameo","status":"publish","type":"post","link":"https:\/\/radiowebmx.com\/nota\/caravanas-unidos-por-tu-bienestar-visitaron-santiago-undameo\/","title":{"rendered":"Caravanas \u201cUnidos por tu bienestar\u201d visitaron Santiago Undameo"},"content":{"rendered":"<p>M\u00e1s de 550 habitantes de la tenencia Santiago Undameo y de localidades aleda\u00f1as, aprovecharon alrededor de mil 600 servicios gratuitos de las Caravanas \u201cUnidos por tu Bienestar\u201d, que el Sistema para el Desarrollo Integral de la Familia (DIF) de Morelia, presidido por Miriam Cruz de Abud, llev\u00f3 a la comunidad rural.<\/p>\n<p><b>\u00a0<\/b><\/p>\n<p>Durante la visita a la poblaci\u00f3n, Miriam Cruz entreg\u00f3 dos sillas de ruedas y 300 kits para la realizaci\u00f3n de estudios de Papanicolaou, donados al municipio por el Laboratorio Bayer, mismos que recibi\u00f3 la directora de Salud municipal, Stephanie Luviano Ortiz. Adicionalmente, don\u00f3 a los infantes presentes, paquetes de \u00fatiles y desayunos escolares.<\/p>\n<p>&nbsp;<\/p>\n<p>Entre los beneficios que pudieron aprovechar los habitantes de Santiago Undameo con la implementaci\u00f3n de la jornada asistencial, fueron: consultas m\u00e9dicas y dentales b\u00e1sicas, detecci\u00f3n oportuna de c\u00e1ncer de mama, regularizaci\u00f3n de actas de nacimiento y documentos del Registro Civil, atenci\u00f3n especial para personas con discapacidad, talleres de alimentaci\u00f3n saludable, as\u00ed como vacunaci\u00f3n de mascotas a cargo de personal del Centro de Atenci\u00f3n Canina local, entre otros.<\/p>\n<p>&nbsp;<\/p>\n<p>La Presidenta del DIF Morelia, record\u00f3 que la intenci\u00f3n de las Caravanas es que las personas conozcan los programas y actividades que ofrece la instituci\u00f3n a su cargo, y que se sirvan de ellos en sus localidades, sin tener que trasladarse a la ciudad, pues esto implica gastos de dinero y tiempo.<\/p>\n<p>&nbsp;<\/p>\n<p>Acompa\u00f1aron a Cruz de Abud, los siguientes funcionarios del Ayuntamiento moreliano: el secretario de Desarrollo Social, Gerardo Miranda; el titular de Enlace Ciudadano, Zeus Rodr\u00edguez; y el director del DIF, Santiago Tapia. Asimismo, el jefe de tenencia de Santiago Undameo, Jos\u00e9 Luis Guzm\u00e1n.<\/p>\n","protected":false},"excerpt":{"rendered":"<p>M\u00e1s de 550 habitantes de la tenencia Santiago Undameo y de localidades aleda\u00f1as, aprovecharon alrededor de mil 600 servicios gratuitos de las Caravanas \u201cUnidos por tu Bienestar\u201d, que el Sistema para el DIF de Morelia, presidido por Miriam Cruz de Abud, llev\u00f3 a la comunidad rural.<\/p>\n","protected":false},"author":1,"featured_media":17172,"comment_status":"open","ping_status":"open","sticky":false,"template":"","format":"standard","meta":{"footnotes":""},"categories":[14,9],"tags":[],"class_list":["post-17171","post","type-post","status-publish","format-standard","has-post-thumbnail","hentry","category-destacadas","category-morelia"],"_links":{"self":[{"href":"https:\/\/radiowebmx.com\/nota\/wp-json\/wp\/v2\/posts\/17171","targetHints":{"allow":["GET"]}}],"collection":[{"href":"https:\/\/radiowebmx.com\/nota\/wp-json\/wp\/v2\/posts"}],"about":[{"href":"https:\/\/radiowebmx.com\/nota\/wp-json\/wp\/v2\/types\/post"}],"author":[{"embeddable":true,"href":"https:\/\/radiowebmx.com\/nota\/wp-json\/wp\/v2\/users\/1"}],"replies":[{"embeddable":true,"href":"https:\/\/radiowebmx.com\/nota\/wp-json\/wp\/v2\/comments?post=17171"}],"version-history":[{"count":1,"href":"https:\/\/radiowebmx.com\/nota\/wp-json\/wp\/v2\/posts\/17171\/revisions"}],"predecessor-version":[{"id":17173,"href":"https:\/\/radiowebmx.com\/nota\/wp-json\/wp\/v2\/posts\/17171\/revisions\/17173"}],"wp:featuredmedia":[{"embeddable":true,"href":"https:\/\/radiowebmx.com\/nota\/wp-json\/wp\/v2\/media\/17172"}],"wp:attachment":[{"href":"https:\/\/radiowebmx.com\/nota\/wp-json\/wp\/v2\/media?parent=17171"}],"wp:term":[{"taxonomy":"category","embeddable":true,"href":"https:\/\/radiowebmx.com\/nota\/wp-json\/wp\/v2\/categories?post=17171"},{"taxonomy":"post_tag","embeddable":true,"href":"https:\/\/radiowebmx.com\/nota\/wp-json\/wp\/v2\/tags?post=17171"}],"curies":[{"name":"wp","href":"https:\/\/api.w.org\/{rel}","templated":true}]}}