{"id":17149,"date":"2015-08-07T12:03:20","date_gmt":"2015-08-07T17:03:20","guid":{"rendered":"https:\/\/radiowebmx.com\/nota\/?p=17149"},"modified":"2015-08-07T12:03:20","modified_gmt":"2015-08-07T17:03:20","slug":"gana-michoacan-seis-premios-en-el-tercer-concurso-nacional-jovenes-creadores-del-arte-popular-2015","status":"publish","type":"post","link":"https:\/\/radiowebmx.com\/nota\/gana-michoacan-seis-premios-en-el-tercer-concurso-nacional-jovenes-creadores-del-arte-popular-2015\/","title":{"rendered":"GANA MICHOAC\u00c1N SEIS PREMIOS EN EL TERCER CONCURSO NACIONAL J\u00d3VENES CREADORES DEL ARTE POPULAR 2015"},"content":{"rendered":"<p>La Secretar\u00eda de Desarrollo Social, (Sedesol), mediante el Fondo Nacional para el Fomento de las Artesan\u00edas, (Fonart), en colaboraci\u00f3n con el Instituto Mexicano de la Juventud, (IMJUVE), y el Gobierno del Estado de Jalisco, a trav\u00e9s del Instituto de la Artesan\u00eda Jalisciense, (IAJ), realizaron el Tercer Concurso Nacional J\u00f3venes Creadores del Arte Popular 2015, donde seis artesanos michoacanos obtuvieron premios en tres de las 11 categor\u00edas participantes, \u00a0por una derrama de 129 mil pesos en premios.<\/p>\n<p>La entrega de reconocimientos se llev\u00f3 en el Palacio de Gobierno, en la ciudad de Guadalajara, donde estuvieron presentes el secretario de Desarrollo, Jos\u00e9 Palacio Jim\u00e9nez, quien destac\u00f3 la importancia del concurso donde se reconoci\u00f3 la participaci\u00f3n de los j\u00f3venes emprendedores entre 18 y 29 a\u00f1os procedentes de los diferentes estados, y felicit\u00f3 de manera especial a Jacqueline Luciano Perera de Tabasco,\u00a0quien recibi\u00f3 el galard\u00f3n nacional.<\/p>\n<p>David Eugenio Alem\u00e1n Jasso, jefe de Operaci\u00f3n del Fonart, reconoci\u00f3 a las y los artesanos por su participaci\u00f3n en este concurso, ya que con la realizaci\u00f3n de \u00e9ste, se\u00f1al\u00f3, se busca reconocer y motivar a los j\u00f3venes a que produzcan piezas artesanales, que fortalezcan su esencia cultural y que recuperen sus tradiciones y dise\u00f1os utilizando materiales y t\u00e9cnicas tradicionales, con la finalidad de estimular la continuidad de esta actividad entre las nuevas generaciones.<\/p>\n<p>En la categor\u00eda de talla en madera, el primer lugar fue para Carlos Eduardo Le\u00f3n Tzintzun, de la localidad de Cuanajo, con un ba\u00fal tallado en madera de pino, el segundo lugar lo obtuvo Juan Carlos Mart\u00ednez P\u00e9rez, de Ahuiran, con una puerta residencial tallada en madera de pino.<\/p>\n<p>Blanca Rosa Ortiz Rafael, artesana de Ocumicho, gan\u00f3 tercer lugar en la categor\u00eda de alfarer\u00eda con un diablo con jaula, en la categor\u00eda de metalister\u00eda y joyer\u00eda, los ganadores del primero y segundo lugar, son de Santa Clara del Cobre, Marcos Punzo Ch\u00e1vez, con un centro petatillo y Alan Punzo Ch\u00e1vez con un florero de gajos torcidos y Miguel Alberto Espinoza Zepeda, de Pur\u00e9pero, obtuvo menci\u00f3n honor\u00edfica por San Miguel y el Diablo en cera.<\/p>\n<p>En ceremonia de premiaci\u00f3n estuvieron presentes, el titular del Instituto de la Artesan\u00edas Jalisciense, Camilo Ram\u00edrez Murgu\u00eda, el director del Instituto Mexicano de la Juventud, Jos\u00e9 Manuel Romero Coello, Nicol\u00e1s Maestro Landeros, Diputado Presidente de las Artesan\u00edas en el Congreso del Estado de Jalisco, Ram\u00f3n Morales S\u00e1nchez, director del Instituto de la Juventud de Jalisco y Rafael Paz Vega, director del Instituto del Artesano Michoacano.<\/p>\n<p>En esta ocasi\u00f3n se premiaron a 63 artesanos ganadores, dentro de las 11 categor\u00edas participantes, las cuales fueron: Alfarer\u00eda, Textiles, Fibras vegetales, Metalister\u00eda y Joyer\u00eda, Maque y Laca, Miniatura, Talla en madera, Jugueter\u00eda, Instrumentos musicales, Papel y cartoner\u00eda y Materiales diversos.<\/p>\n<p>En este concurso, se registraron un total de 412 piezas, con igual n\u00famero de participantes de 16 estados del pa\u00eds, como Jalisco, Michoac\u00e1n, Estado de M\u00e9xico, Tabasco, Hidalgo, Campeche, Chiapas, Oaxaca, Puebla, Guerrero, Guanajuato, Veracruz, Morelos,\u00a0 Quintana Roo y Tlaxcala y tambi\u00e9n el Distrito Federal.<\/p>\n<p>Cabe mencionar que las piezas ganadoras estar\u00e1n expuestas durante un mes en el Museo de Cer\u00e1mica de Tlaquepaque, calle independencia no. 237.<\/p>\n","protected":false},"excerpt":{"rendered":"<p>La Sedesol, mediante el Fonart, en colaboraci\u00f3n con el IMJUVE, y el Gobierno del Estado de Jalisco, a trav\u00e9s del IAJ, realizaron el Tercer Concurso Nacional J\u00f3venes Creadores del Arte Popular 2015,  donde seis artesanos michoacanos obtuvieron premios en tres de las 11 categor\u00edas participantes,  <\/p>\n","protected":false},"author":1,"featured_media":17150,"comment_status":"open","ping_status":"open","sticky":false,"template":"","format":"standard","meta":{"footnotes":""},"categories":[14,3],"tags":[],"class_list":["post-17149","post","type-post","status-publish","format-standard","has-post-thumbnail","hentry","category-destacadas","category-gobierno-del-estado-de-michoacan"],"_links":{"self":[{"href":"https:\/\/radiowebmx.com\/nota\/wp-json\/wp\/v2\/posts\/17149","targetHints":{"allow":["GET"]}}],"collection":[{"href":"https:\/\/radiowebmx.com\/nota\/wp-json\/wp\/v2\/posts"}],"about":[{"href":"https:\/\/radiowebmx.com\/nota\/wp-json\/wp\/v2\/types\/post"}],"author":[{"embeddable":true,"href":"https:\/\/radiowebmx.com\/nota\/wp-json\/wp\/v2\/users\/1"}],"replies":[{"embeddable":true,"href":"https:\/\/radiowebmx.com\/nota\/wp-json\/wp\/v2\/comments?post=17149"}],"version-history":[{"count":1,"href":"https:\/\/radiowebmx.com\/nota\/wp-json\/wp\/v2\/posts\/17149\/revisions"}],"predecessor-version":[{"id":17151,"href":"https:\/\/radiowebmx.com\/nota\/wp-json\/wp\/v2\/posts\/17149\/revisions\/17151"}],"wp:featuredmedia":[{"embeddable":true,"href":"https:\/\/radiowebmx.com\/nota\/wp-json\/wp\/v2\/media\/17150"}],"wp:attachment":[{"href":"https:\/\/radiowebmx.com\/nota\/wp-json\/wp\/v2\/media?parent=17149"}],"wp:term":[{"taxonomy":"category","embeddable":true,"href":"https:\/\/radiowebmx.com\/nota\/wp-json\/wp\/v2\/categories?post=17149"},{"taxonomy":"post_tag","embeddable":true,"href":"https:\/\/radiowebmx.com\/nota\/wp-json\/wp\/v2\/tags?post=17149"}],"curies":[{"name":"wp","href":"https:\/\/api.w.org\/{rel}","templated":true}]}}