{"id":17090,"date":"2015-08-05T11:44:04","date_gmt":"2015-08-05T16:44:04","guid":{"rendered":"https:\/\/radiowebmx.com\/nota\/?p=17090"},"modified":"2015-08-05T11:44:04","modified_gmt":"2015-08-05T16:44:04","slug":"visitaron-cuto-de-la-esperanza-las-caravanas-unidos-por-tu-bienestar","status":"publish","type":"post","link":"https:\/\/radiowebmx.com\/nota\/visitaron-cuto-de-la-esperanza-las-caravanas-unidos-por-tu-bienestar\/","title":{"rendered":"Visitaron Cuto de la Esperanza las  Caravanas Unidos por tu Bienestar"},"content":{"rendered":"<p>En un ambiente de fiesta social, los habitantes de la Tenencia Cuto de la Esperanza recibieron asistencia m\u00e9dica, adem\u00e1s de que se distribuyeron en forma adicional paquetes de \u00fatiles escolares por parte de las autoridades del DIF Municipal.<\/p>\n<p>&nbsp;<\/p>\n<p>Fueron m\u00e1s de 400 personas, quienes interesadas por su salud, recibieron servicios gratuitos, a trav\u00e9s de las Caravanas \u201cUnidos por tu Bienestar\u201d y la tenencia fue catalogada por la presidenta municipal del DIF Morelia, como una bella comunidad, donde se puede sentir la armon\u00eda y tranquilidad de sus habitantes.<\/p>\n<p>&nbsp;<\/p>\n<p>Como apoyo adicional en esta jornada m\u00e9dico-asistencial y debido a que se acerca el pr\u00f3ximo ciclo escolar, se entregaron a los menores que asistieron al lugar \u00fatiles escolares, lo cual contribuye en el gasto familiar.<\/p>\n<p><i>\u00a0<\/i><\/p>\n<p><i>\u201cMuchas gracias Don Elio Villal\u00f3n, por recibirnos hoy con las Caravanas Unidos por tu Bienestar; fue un gusto compartir parte de nuestros programas con personas tan c\u00e1lidas como lo son los habitantes de esta localidad y sus alrededores.<\/i>\u00a0<i>Nos quedamos con la satisfacci\u00f3n de ver el inter\u00e9s de la gente por estar bien y cuidar de su salud, al aprovechar todos los servicios que se ofrecieron en esta actividad\u201d,\u00a0<\/i>palabras que la Sra. Miriam Cruz de Abud, Presidenta del Sistema DIF Morelia, mencion\u00f3 al t\u00e9rmino de la jornada al Jefe de Tenencia.<\/p>\n<p>&nbsp;<\/p>\n<p>En esta ocasi\u00f3n se brindaron m\u00e1s de 1230 servicios, beneficiando a m\u00e1s de 400 personas, principalmente ni\u00f1os, mujeres y adultos mayores. Asimismo, se entregaron 2 sillas de ruedas, una de ellas para la Se\u00f1ora Sarita, persona que a sus 102 a\u00f1os, tiene deseos de disfrutar de la vida en compa\u00f1\u00eda de su familia.<\/p>\n<p>&nbsp;<\/p>\n<p>Durante la actividad, Miriam Cruz escuch\u00f3 con atenci\u00f3n a cada persona que se acerc\u00f3 para exponerle alguna necesidad, mismas que fueron atendidas en el momento.<\/p>\n<p>&nbsp;<\/p>\n<p>En el evento se cont\u00f3 con la asistencia de la Dra. Stephanie Luviano, directora de Salud Municipal; Dra. Maritza Castro, en representaci\u00f3n del director de Enlace Ciudadano; Lic. Santiago Tapia, director del Sistema DIF Morelia; Sr. Elio Villal\u00f3n, jefe de tenencia de Cuto de la Esperanza y Sr. Juan Luis S\u00e1nchez, Encargado del Orden de San Pedro Chicacuaro, as\u00ed como de las damas del Voluntariado del DIF Morelia.<\/p>\n","protected":false},"excerpt":{"rendered":"<p>En un ambiente de fiesta social, los habitantes de la Tenencia Cuto de la Esperanza recibieron asistencia m\u00e9dica, adem\u00e1s de que se distribuyeron en forma adicional paquetes de \u00fatiles escolares por parte de las autoridades del DIF Municipal.<\/p>\n","protected":false},"author":1,"featured_media":17092,"comment_status":"open","ping_status":"open","sticky":false,"template":"","format":"standard","meta":{"footnotes":""},"categories":[14,9],"tags":[],"class_list":["post-17090","post","type-post","status-publish","format-standard","has-post-thumbnail","hentry","category-destacadas","category-morelia"],"_links":{"self":[{"href":"https:\/\/radiowebmx.com\/nota\/wp-json\/wp\/v2\/posts\/17090","targetHints":{"allow":["GET"]}}],"collection":[{"href":"https:\/\/radiowebmx.com\/nota\/wp-json\/wp\/v2\/posts"}],"about":[{"href":"https:\/\/radiowebmx.com\/nota\/wp-json\/wp\/v2\/types\/post"}],"author":[{"embeddable":true,"href":"https:\/\/radiowebmx.com\/nota\/wp-json\/wp\/v2\/users\/1"}],"replies":[{"embeddable":true,"href":"https:\/\/radiowebmx.com\/nota\/wp-json\/wp\/v2\/comments?post=17090"}],"version-history":[{"count":2,"href":"https:\/\/radiowebmx.com\/nota\/wp-json\/wp\/v2\/posts\/17090\/revisions"}],"predecessor-version":[{"id":17094,"href":"https:\/\/radiowebmx.com\/nota\/wp-json\/wp\/v2\/posts\/17090\/revisions\/17094"}],"wp:featuredmedia":[{"embeddable":true,"href":"https:\/\/radiowebmx.com\/nota\/wp-json\/wp\/v2\/media\/17092"}],"wp:attachment":[{"href":"https:\/\/radiowebmx.com\/nota\/wp-json\/wp\/v2\/media?parent=17090"}],"wp:term":[{"taxonomy":"category","embeddable":true,"href":"https:\/\/radiowebmx.com\/nota\/wp-json\/wp\/v2\/categories?post=17090"},{"taxonomy":"post_tag","embeddable":true,"href":"https:\/\/radiowebmx.com\/nota\/wp-json\/wp\/v2\/tags?post=17090"}],"curies":[{"name":"wp","href":"https:\/\/api.w.org\/{rel}","templated":true}]}}