{"id":17084,"date":"2015-08-05T11:37:44","date_gmt":"2015-08-05T16:37:44","guid":{"rendered":"https:\/\/radiowebmx.com\/nota\/?p=17084"},"modified":"2015-08-05T11:37:44","modified_gmt":"2015-08-05T16:37:44","slug":"este-domingo-en-morelia-campeonato-nacional-de-carreras-de-montana-2015","status":"publish","type":"post","link":"https:\/\/radiowebmx.com\/nota\/este-domingo-en-morelia-campeonato-nacional-de-carreras-de-montana-2015\/","title":{"rendered":"Este domingo en Morelia, Campeonato  Nacional de Carreras de Monta\u00f1a 2015"},"content":{"rendered":"<p>Morelia albergar\u00e1 el Campeonato Nacional de Carreras de Monta\u00f1a 2015, que se desarrollar\u00e1 el pr\u00f3ximo domingo 09 de agosto a partir de las 09:00 horas, en la comunidad San Jos\u00e9 de las Torres. El evento ser\u00e1 selectivo para el mundial de la especialidad, el cual se disputar\u00e1 en Gales, Reino Unido, el pr\u00f3ximo mes de septiembre.<\/p>\n<p>&nbsp;<\/p>\n<p>La competencia, que ha sido organizada por la Federaci\u00f3n Mexicana de Asociaciones de Atletismo (FMAA) y la Asociaci\u00f3n Michoacana de la especialidad, en coordinaci\u00f3n con el Instituto Municipal de Cultura F\u00edsica y Deporte (IMDE), contar\u00e1 con la participaci\u00f3n de 40 especialistas en campo traviesa o monta\u00f1a.<\/p>\n<p>&nbsp;<\/p>\n<p>\u201cSin duda, ser\u00e1 un evento muy importante que tendr\u00e1 a los mejores competidores mexicanos en este rubro. Esta modalidad de carreras es un movimiento que est\u00e1 creciendo en el pa\u00eds y nosotros, como impulsores, debemos apoyarlo\u201d, destac\u00f3 el presidente de la FMAA, Antonio Lozano Pineda.<\/p>\n<p>&nbsp;<\/p>\n<p>La competici\u00f3n seleccionar\u00e1 a los dos ganadores absolutos de cada rama, siempre y cuando el tiempo de las f\u00e9minas no sea mayor en un 25 por ciento al del triunfador en varones, para participar en la XXXI edici\u00f3n del Campeonato Mundial de Carreras de Monta\u00f1a Ascenso y Descenso, programada para el 20 de septiembre del a\u00f1o en curso en Gales, Reino Unido.<\/p>\n<p>&nbsp;<\/p>\n<p>No obstante, el evento ser\u00e1 abierto a la poblaci\u00f3n que desee presenciarlo o participar en \u00e9l: \u201cEsperamos la asistencia de la gente de Michoac\u00e1n, y en espec\u00edfico de Morelia, ya que nosotros buscamos brindarles m\u00e1s y mejores opciones para que se unan al atletismo\u201d, asegur\u00f3 Lozano Pineda.<\/p>\n<p>&nbsp;<\/p>\n<p>Por tal motivo, se espera la visita de corredores provenientes de diversos puntos de la Rep\u00fablica Mexicana, como el Estado de M\u00e9xico, Nuevo Le\u00f3n, Jalisco, Guanajuato, adem\u00e1s del Distrito Federal.<\/p>\n<p>&nbsp;<\/p>\n<p>El encuentro atl\u00e9tico se realizar\u00e1 sobre un circuito de 2 kil\u00f3metros, trazado en la comunidad de San Jos\u00e9 de las Torres, el cual exigir\u00e1 al m\u00e1ximo a cada uno de los atletas.<\/p>\n<p>&nbsp;<\/p>\n<p>La distancia a recorrer var\u00eda de acuerdo con la categor\u00eda: en la Juvenil Femenil el trayecto ser\u00e1 de 4 kil\u00f3metros, es decir, 2 vueltas al circuito; en Juvenil Varonil ser\u00e1 de 8 kil\u00f3metros; en Libre Femenil, 8 kil\u00f3metros y Libre Varonil, 12 kil\u00f3metros.<\/p>\n<p>&nbsp;<\/p>\n<p>La premiaci\u00f3n consistir\u00e1 en medallas para los tres primeros lugares de cada categor\u00eda y rama. El tr\u00e1mite de inscripci\u00f3n se puede realizar en la p\u00e1gina de internet\u00a0<a href=\"http:\/\/www.fmaa.mx\/\" target=\"_blank\">www.fmaa.mx<\/a>.<\/p>\n","protected":false},"excerpt":{"rendered":"<p>Morelia albergar\u00e1 el Campeonato Nacional de Carreras de Monta\u00f1a 2015, que se desarrollar\u00e1 el pr\u00f3ximo domingo 09 de agosto a partir de las 09:00 horas, en la comunidad San Jos\u00e9 de las Torres. El evento ser\u00e1 selectivo para el mundial de la especialidad, el cual se disputar\u00e1 en Gales, Reino Unido<\/p>\n","protected":false},"author":1,"featured_media":17085,"comment_status":"open","ping_status":"open","sticky":false,"template":"","format":"standard","meta":{"footnotes":""},"categories":[14,9],"tags":[],"class_list":["post-17084","post","type-post","status-publish","format-standard","has-post-thumbnail","hentry","category-destacadas","category-morelia"],"_links":{"self":[{"href":"https:\/\/radiowebmx.com\/nota\/wp-json\/wp\/v2\/posts\/17084","targetHints":{"allow":["GET"]}}],"collection":[{"href":"https:\/\/radiowebmx.com\/nota\/wp-json\/wp\/v2\/posts"}],"about":[{"href":"https:\/\/radiowebmx.com\/nota\/wp-json\/wp\/v2\/types\/post"}],"author":[{"embeddable":true,"href":"https:\/\/radiowebmx.com\/nota\/wp-json\/wp\/v2\/users\/1"}],"replies":[{"embeddable":true,"href":"https:\/\/radiowebmx.com\/nota\/wp-json\/wp\/v2\/comments?post=17084"}],"version-history":[{"count":1,"href":"https:\/\/radiowebmx.com\/nota\/wp-json\/wp\/v2\/posts\/17084\/revisions"}],"predecessor-version":[{"id":17086,"href":"https:\/\/radiowebmx.com\/nota\/wp-json\/wp\/v2\/posts\/17084\/revisions\/17086"}],"wp:featuredmedia":[{"embeddable":true,"href":"https:\/\/radiowebmx.com\/nota\/wp-json\/wp\/v2\/media\/17085"}],"wp:attachment":[{"href":"https:\/\/radiowebmx.com\/nota\/wp-json\/wp\/v2\/media?parent=17084"}],"wp:term":[{"taxonomy":"category","embeddable":true,"href":"https:\/\/radiowebmx.com\/nota\/wp-json\/wp\/v2\/categories?post=17084"},{"taxonomy":"post_tag","embeddable":true,"href":"https:\/\/radiowebmx.com\/nota\/wp-json\/wp\/v2\/tags?post=17084"}],"curies":[{"name":"wp","href":"https:\/\/api.w.org\/{rel}","templated":true}]}}