{"id":17080,"date":"2015-08-05T11:33:34","date_gmt":"2015-08-05T16:33:34","guid":{"rendered":"https:\/\/radiowebmx.com\/nota\/?p=17080"},"modified":"2015-08-05T11:33:34","modified_gmt":"2015-08-05T16:33:34","slug":"comunicado-0232015-michoacan-es-distinguido-por-su-legado-artesanal","status":"publish","type":"post","link":"https:\/\/radiowebmx.com\/nota\/comunicado-0232015-michoacan-es-distinguido-por-su-legado-artesanal\/","title":{"rendered":"Comunicado 023\/2015 MICHOAC\u00c1N ES DISTINGUIDO POR SU LEGADO ARTESANAL"},"content":{"rendered":"<p>En el marco del Segundo Encuentro Nacional \u201cEl Arte del Jaspe y el Rebozo\u201d, que organiza en Museo Franz Mayer en la ciudad de M\u00e9xico, cuatro de los seis art\u00edfices que recibieron reconocimiento fueron michoacanos que se dedican al arte del textil, originarios de las localidades de Ahuir\u00e1n, La Piedad, Aranza y Uricho.<\/p>\n<p>Por ser pioneros en su comunidad en la t\u00e9cnica tradicional de la elaboraci\u00f3n del rebozo, su trayectoria y legado artesanal que han trasmitido de generaci\u00f3n en generaci\u00f3n, los artesanos que recibieron reconocimiento durante este Segundo Encuentro Nacional, fueron: Cecilia Bautista Caballero de la comunidad de Ahuiran, municipio de Charapan; Antonio Bravo Hern\u00e1ndez de La Piedad; Oliva Hern\u00e1ndez \u00c1lvarez de la comunidad de Aranza, municipio de Paracho; y Mar\u00eda Victoria L\u00e1zaro Rodr\u00edguez de Uricho, municipio de Erongar\u00edcuaro.<\/p>\n<p>Asimismo, el Instituto del Artesano Michoacano (IAM), durante dos d\u00edas estuvo presente en el Museo Franz Mayer con una expo-venta de rebozos, presentando 100 piezas de las comunidades de Ahuiran, Aranza, Angahuan, Boca de la Ca\u00f1ada, Ocampo, Santa Cruz, La Piedad y San Miguel Nocutzepo, teniendo una venta total de 24 rebozos por un monto de 47 mil 636 pesos, facilit\u00e1ndole a los asistentes el pago con tarjeta de cr\u00e9dito.<\/p>\n<p>Como parte de las actividades de este encuentro, el IAM present\u00f3 tambi\u00e9n una pasarela organizada y patrocinada por la dise\u00f1adora Lydia Lav\u00edn, donde se mostraron seis trajes regionales de Michoac\u00e1n.<\/p>\n<p>El objetivo de este encuentro fue la evaluaci\u00f3n del pasado, presente y futuro del rebozo, como una de las prendas emblem\u00e1ticas de la identidad mexicana y que se encuentra en riesgo de desaparecer en algunas localidades.<\/p>\n<p>Ruth D. Lechuga, especialista en arte popular y organizadora de este evento, se\u00f1al\u00f3 que el rebozo es una prenda emblem\u00e1tica de M\u00e9xico y que existen dos estilos: el cl\u00e1sico de jaspe y el regional ind\u00edgena. El primero elaborado con algod\u00f3n, seda o artisela, tiene jaspe (ikat) creado por medio de una t\u00e9cnica de amarres y te\u00f1ido; el segundo tipo es elaborado con tejido liso o rayas y se teje en su mayor\u00eda con telar de cintura.<\/p>\n<p>Por su parte, otra de las organizadoras del encuentro y conocedora del arte popular, Martha Turok, coment\u00f3 que entre los rebozos regionales ind\u00edgenas destaca que existe una gran diversidad de la t\u00e9cnica del empuntado, como la del entorchado con chaquira o los de flecos de artisela o plumas.<\/p>\n<p>Durante los cinco d\u00edas en que se desarroll\u00f3 este encuentro se brindaron diferentes ponencias, paneles y talleres por grandes conocedoras del arte popular para las y los artesanos, lo que sirvi\u00f3 de v\u00ednculo para reunir a reboceros y empuntadoras de Michoac\u00e1n, Guerrero, Tlaxcala, Quer\u00e9taro, Oaxaca, Estado de M\u00e9xico, Chiapas, Puebla, San Luis Potos\u00ed y Guanajuato.<\/p>\n","protected":false},"excerpt":{"rendered":"<p>En el marco del Segundo Encuentro Nacional \u201cEl Arte del Jaspe y el Rebozo\u201d, que organiza en Museo Franz Mayer en la ciudad de M\u00e9xico, cuatro de los seis art\u00edfices que recibieron reconocimiento fueron michoacanos que se dedican al arte del textil, originarios de las localidades de Ahuir\u00e1n, La Piedad, Aranza y Uricho.<\/p>\n","protected":false},"author":1,"featured_media":0,"comment_status":"open","ping_status":"open","sticky":false,"template":"","format":"standard","meta":{"footnotes":""},"categories":[14,3],"tags":[],"class_list":["post-17080","post","type-post","status-publish","format-standard","hentry","category-destacadas","category-gobierno-del-estado-de-michoacan"],"_links":{"self":[{"href":"https:\/\/radiowebmx.com\/nota\/wp-json\/wp\/v2\/posts\/17080","targetHints":{"allow":["GET"]}}],"collection":[{"href":"https:\/\/radiowebmx.com\/nota\/wp-json\/wp\/v2\/posts"}],"about":[{"href":"https:\/\/radiowebmx.com\/nota\/wp-json\/wp\/v2\/types\/post"}],"author":[{"embeddable":true,"href":"https:\/\/radiowebmx.com\/nota\/wp-json\/wp\/v2\/users\/1"}],"replies":[{"embeddable":true,"href":"https:\/\/radiowebmx.com\/nota\/wp-json\/wp\/v2\/comments?post=17080"}],"version-history":[{"count":1,"href":"https:\/\/radiowebmx.com\/nota\/wp-json\/wp\/v2\/posts\/17080\/revisions"}],"predecessor-version":[{"id":17082,"href":"https:\/\/radiowebmx.com\/nota\/wp-json\/wp\/v2\/posts\/17080\/revisions\/17082"}],"wp:attachment":[{"href":"https:\/\/radiowebmx.com\/nota\/wp-json\/wp\/v2\/media?parent=17080"}],"wp:term":[{"taxonomy":"category","embeddable":true,"href":"https:\/\/radiowebmx.com\/nota\/wp-json\/wp\/v2\/categories?post=17080"},{"taxonomy":"post_tag","embeddable":true,"href":"https:\/\/radiowebmx.com\/nota\/wp-json\/wp\/v2\/tags?post=17080"}],"curies":[{"name":"wp","href":"https:\/\/api.w.org\/{rel}","templated":true}]}}