{"id":17073,"date":"2015-08-05T11:24:11","date_gmt":"2015-08-05T16:24:11","guid":{"rendered":"https:\/\/radiowebmx.com\/nota\/?p=17073"},"modified":"2015-08-05T11:24:11","modified_gmt":"2015-08-05T16:24:11","slug":"nuevos-gobiernos-oportunidad-para-mejorar-salvador-abud","status":"publish","type":"post","link":"https:\/\/radiowebmx.com\/nota\/nuevos-gobiernos-oportunidad-para-mejorar-salvador-abud\/","title":{"rendered":"Nuevos gobiernos, oportunidad  para mejorar: Salvador Abud"},"content":{"rendered":"<p>A mejorar la administraci\u00f3n p\u00fablica y lograr con el ejemplo un nuevo modelo de gobierno local, que detone el crecimiento, la participaci\u00f3n y confianza de los michoacanos en sus autoridades, fue el exhorto emitido por el edil moreliano, Salvador Abud Mirabent, durante su mensaje de bienvenida a los alcaldes electos que asisten al Curso-Taller para Autoridades Municipales 2015- 2018.<\/p>\n<p>&nbsp;<\/p>\n<p>Convocados por el Gobierno del Estado, representantes de 20 municipios de Michoac\u00e1n, entre ellos 16 presidentes municipales electos, acudieron a este encuentro de inducci\u00f3n administrativa, en el que Abud Mirabent atendi\u00f3 la invitaci\u00f3n de recibir a quienes gobernar\u00e1n el pr\u00f3ximo trienio.<\/p>\n<p>&nbsp;<\/p>\n<p>Salvador Abud expres\u00f3 que el consejo m\u00e1s atinado y adecuado que puede ofrecer\u00a0 a quienes representar\u00e1n a las municipalidades, gracias al voto ciudadano, es conocer plenamente la Ley Org\u00e1nica Municipal, ya que \u00e9sta es el sustento de toda administraci\u00f3n p\u00fablica local.<\/p>\n<p>&nbsp;<\/p>\n<p>Asegur\u00f3 que los municipios son la autoridad del poder gubernamental m\u00e1s cercana a la poblaci\u00f3n, pues conocen mejor sus necesidades y, en un esfuerzo multidimensional, intentan dar soluci\u00f3n a las m\u00e1s urgentes, como son las relacionadas con el agua potable, drenaje, servicios p\u00fablicos, seguridad y tr\u00e1nsito.<\/p>\n<p align=\"right\">\n<p>Por ello, surge la necesidad de sumar voluntades y aportar desde este momento a la transparencia, la eficacia y a una efectiva comunicaci\u00f3n.<\/p>\n<p>&nbsp;<\/p>\n<p>La ceremonia inaugural del Curso-Taller para Autoridades Municipales Electas 2015-2018, estuvo presidida adem\u00e1s por el secretario de gobierno de Michoac\u00e1n, Jaime Esparza Cortina y el titular del Centro Estatal para el Desarrollo Municipal de Michoac\u00e1n (Cedemun), Jos\u00e9 Jaime Mares Camarena.<\/p>\n","protected":false},"excerpt":{"rendered":"<p>A mejorar la administraci\u00f3n p\u00fablica y lograr con el ejemplo un nuevo modelo de gobierno local, que detone el crecimiento, la participaci\u00f3n y confianza de los michoacanos en sus autoridades, fue el exhorto emitido por el edil moreliano, SAM, <\/p>\n","protected":false},"author":1,"featured_media":17074,"comment_status":"open","ping_status":"open","sticky":false,"template":"","format":"standard","meta":{"footnotes":""},"categories":[14,9],"tags":[],"class_list":["post-17073","post","type-post","status-publish","format-standard","has-post-thumbnail","hentry","category-destacadas","category-morelia"],"_links":{"self":[{"href":"https:\/\/radiowebmx.com\/nota\/wp-json\/wp\/v2\/posts\/17073","targetHints":{"allow":["GET"]}}],"collection":[{"href":"https:\/\/radiowebmx.com\/nota\/wp-json\/wp\/v2\/posts"}],"about":[{"href":"https:\/\/radiowebmx.com\/nota\/wp-json\/wp\/v2\/types\/post"}],"author":[{"embeddable":true,"href":"https:\/\/radiowebmx.com\/nota\/wp-json\/wp\/v2\/users\/1"}],"replies":[{"embeddable":true,"href":"https:\/\/radiowebmx.com\/nota\/wp-json\/wp\/v2\/comments?post=17073"}],"version-history":[{"count":1,"href":"https:\/\/radiowebmx.com\/nota\/wp-json\/wp\/v2\/posts\/17073\/revisions"}],"predecessor-version":[{"id":17075,"href":"https:\/\/radiowebmx.com\/nota\/wp-json\/wp\/v2\/posts\/17073\/revisions\/17075"}],"wp:featuredmedia":[{"embeddable":true,"href":"https:\/\/radiowebmx.com\/nota\/wp-json\/wp\/v2\/media\/17074"}],"wp:attachment":[{"href":"https:\/\/radiowebmx.com\/nota\/wp-json\/wp\/v2\/media?parent=17073"}],"wp:term":[{"taxonomy":"category","embeddable":true,"href":"https:\/\/radiowebmx.com\/nota\/wp-json\/wp\/v2\/categories?post=17073"},{"taxonomy":"post_tag","embeddable":true,"href":"https:\/\/radiowebmx.com\/nota\/wp-json\/wp\/v2\/tags?post=17073"}],"curies":[{"name":"wp","href":"https:\/\/api.w.org\/{rel}","templated":true}]}}