{"id":17066,"date":"2015-08-04T12:41:40","date_gmt":"2015-08-04T17:41:40","guid":{"rendered":"https:\/\/radiowebmx.com\/nota\/?p=17066"},"modified":"2015-08-04T12:41:40","modified_gmt":"2015-08-04T17:41:40","slug":"continuan-actividades-por-la-semana-mundial-de-la-lactancia-materna%e2%80%8f","status":"publish","type":"post","link":"https:\/\/radiowebmx.com\/nota\/continuan-actividades-por-la-semana-mundial-de-la-lactancia-materna%e2%80%8f\/","title":{"rendered":"Contin\u00faan actividades por la Semana Mundial de la Lactancia Materna\u200f"},"content":{"rendered":"<p>En el marco de la Semana Mundial de la Lactancia Materna, la directora del Hospital de la Mujer, Liliana Olivera Romero, dio arranque a &#8220;La Gran Tetada&#8221; que consisti\u00f3 en que todas las madres de familia, que acaban de tener a sus beb\u00e9s y aquellas que acuden a cuidar a sus peque\u00f1os que est\u00e1n hospitalizados, los amamantaran durante un minuto, de manera continua.<\/p>\n<p>&nbsp;<\/p>\n<p>Evento que se realiz\u00f3 simult\u00e1neamente a nivel nacional en todos los hospitales del sector salud y que tiene como finalidad mostrar no s\u00f3lo los beneficios que tiene, tanto para la madre como para el beb\u00e9, el recibir la leche materna, sino adem\u00e1s, demostrar e informar que con los procedimientos e higiene adecuados una madre trabajadora puede dar este nutriente insustituible, por sus propiedades, a sus hijos.<\/p>\n","protected":false},"excerpt":{"rendered":"<p>En el marco de la Semana Mundial de la Lactancia Materna, la directora del Hospital de la Mujer, Liliana Olivera Romero, dio arranque a &#8220;La Gran Tetada&#8221; que consisti\u00f3 en que todas las madres de familia, <\/p>\n","protected":false},"author":1,"featured_media":17067,"comment_status":"open","ping_status":"open","sticky":false,"template":"","format":"standard","meta":{"footnotes":""},"categories":[14],"tags":[],"class_list":["post-17066","post","type-post","status-publish","format-standard","has-post-thumbnail","hentry","category-destacadas"],"_links":{"self":[{"href":"https:\/\/radiowebmx.com\/nota\/wp-json\/wp\/v2\/posts\/17066","targetHints":{"allow":["GET"]}}],"collection":[{"href":"https:\/\/radiowebmx.com\/nota\/wp-json\/wp\/v2\/posts"}],"about":[{"href":"https:\/\/radiowebmx.com\/nota\/wp-json\/wp\/v2\/types\/post"}],"author":[{"embeddable":true,"href":"https:\/\/radiowebmx.com\/nota\/wp-json\/wp\/v2\/users\/1"}],"replies":[{"embeddable":true,"href":"https:\/\/radiowebmx.com\/nota\/wp-json\/wp\/v2\/comments?post=17066"}],"version-history":[{"count":2,"href":"https:\/\/radiowebmx.com\/nota\/wp-json\/wp\/v2\/posts\/17066\/revisions"}],"predecessor-version":[{"id":17069,"href":"https:\/\/radiowebmx.com\/nota\/wp-json\/wp\/v2\/posts\/17066\/revisions\/17069"}],"wp:featuredmedia":[{"embeddable":true,"href":"https:\/\/radiowebmx.com\/nota\/wp-json\/wp\/v2\/media\/17067"}],"wp:attachment":[{"href":"https:\/\/radiowebmx.com\/nota\/wp-json\/wp\/v2\/media?parent=17066"}],"wp:term":[{"taxonomy":"category","embeddable":true,"href":"https:\/\/radiowebmx.com\/nota\/wp-json\/wp\/v2\/categories?post=17066"},{"taxonomy":"post_tag","embeddable":true,"href":"https:\/\/radiowebmx.com\/nota\/wp-json\/wp\/v2\/tags?post=17066"}],"curies":[{"name":"wp","href":"https:\/\/api.w.org\/{rel}","templated":true}]}}