{"id":17059,"date":"2015-08-04T12:13:26","date_gmt":"2015-08-04T17:13:26","guid":{"rendered":"https:\/\/radiowebmx.com\/nota\/?p=17059"},"modified":"2015-08-04T12:13:26","modified_gmt":"2015-08-04T17:13:26","slug":"recursos-para-los-ayuntamientos-sin-distingo-partidista-jec","status":"publish","type":"post","link":"https:\/\/radiowebmx.com\/nota\/recursos-para-los-ayuntamientos-sin-distingo-partidista-jec\/","title":{"rendered":"RECURSOS PARA LOS AYUNTAMIENTOS SIN DISTINGO PARTIDISTA: JEC"},"content":{"rendered":"<p>El secretario de gobierno Jaime Esparza Cortina y Jaime Mares Camarena, vocal ejecutivo del \u00a0Centro Estatal para el Desarrollo Municipal (CEDEMUN), sostuvieron una reuni\u00f3n con presidentes municipales del Partido Revolucionario Institucional (PRI) en la que se les inform\u00f3 que el Gobierno del Estado trabaja para que esta semana, y sin distingo partidista, los ayuntamientos reciban recursos comprometidos por la administraci\u00f3n estatal.<\/p>\n<p>Esparza Cortina coment\u00f3 a los ediles que, de acuerdo con informaci\u00f3n de la Secretar\u00eda de Finanzas y Administraci\u00f3n, la toma de las oficinas de esta dependencia ha complicado la transferencia de pagos a los ayuntamientos; no obstante, se realizan los ajustes necesarios para que, a m\u00e1s tardar el pr\u00f3ximo mi\u00e9rcoles 5 de agosto, los presidentes municipales puedan disponer de los recursos que requieren para concluir obras p\u00fablicas.<\/p>\n<p>El encargado de la pol\u00edtica interna dijo que la Secretar\u00eda de Finanzas y Administraci\u00f3n refiri\u00f3 que los pagos\u00a0 se realizar\u00e1n de manera gradual, ya que el objetivo es entregar la totalidad del recurso comprometido con los ayuntamientos antes de que concluya la presente administraci\u00f3n\u00a0 de los gobiernos municipales.<\/p>\n<p>\u201cPara nosotros no hay partidos ni colores, por lo que estos recursos se entregar\u00e1n sin distingos partidistas ya que se gobierna para todos\u201d, recalc\u00f3 el secretario de Gobierno.<\/p>\n<p>Finalmente, Esparza Cortina dijo que el gobierno se compromete a pagar y dar seguimiento a las transferencias de los recursos del fondo de infraestructura municipal y que el resto de los pagos se van a seguir atendiendo para que se haga el dep\u00f3sito a todos y cada uno de los ayuntamientos.<\/p>\n","protected":false},"excerpt":{"rendered":"<p>El secretario de gobierno Jaime Esparza Cortina y Jaime Mares Camarena, vocal ejecutivo del  CEDEMUN, sostuvieron una reuni\u00f3n con presidentes municipales del PRI en la que se les inform\u00f3 que el Gobierno del Estado trabaja para que esta semana,<\/p>\n","protected":false},"author":1,"featured_media":17060,"comment_status":"open","ping_status":"open","sticky":false,"template":"","format":"standard","meta":{"footnotes":""},"categories":[14,3],"tags":[],"class_list":["post-17059","post","type-post","status-publish","format-standard","has-post-thumbnail","hentry","category-destacadas","category-gobierno-del-estado-de-michoacan"],"_links":{"self":[{"href":"https:\/\/radiowebmx.com\/nota\/wp-json\/wp\/v2\/posts\/17059","targetHints":{"allow":["GET"]}}],"collection":[{"href":"https:\/\/radiowebmx.com\/nota\/wp-json\/wp\/v2\/posts"}],"about":[{"href":"https:\/\/radiowebmx.com\/nota\/wp-json\/wp\/v2\/types\/post"}],"author":[{"embeddable":true,"href":"https:\/\/radiowebmx.com\/nota\/wp-json\/wp\/v2\/users\/1"}],"replies":[{"embeddable":true,"href":"https:\/\/radiowebmx.com\/nota\/wp-json\/wp\/v2\/comments?post=17059"}],"version-history":[{"count":1,"href":"https:\/\/radiowebmx.com\/nota\/wp-json\/wp\/v2\/posts\/17059\/revisions"}],"predecessor-version":[{"id":17061,"href":"https:\/\/radiowebmx.com\/nota\/wp-json\/wp\/v2\/posts\/17059\/revisions\/17061"}],"wp:featuredmedia":[{"embeddable":true,"href":"https:\/\/radiowebmx.com\/nota\/wp-json\/wp\/v2\/media\/17060"}],"wp:attachment":[{"href":"https:\/\/radiowebmx.com\/nota\/wp-json\/wp\/v2\/media?parent=17059"}],"wp:term":[{"taxonomy":"category","embeddable":true,"href":"https:\/\/radiowebmx.com\/nota\/wp-json\/wp\/v2\/categories?post=17059"},{"taxonomy":"post_tag","embeddable":true,"href":"https:\/\/radiowebmx.com\/nota\/wp-json\/wp\/v2\/tags?post=17059"}],"curies":[{"name":"wp","href":"https:\/\/api.w.org\/{rel}","templated":true}]}}