{"id":16999,"date":"2015-07-31T14:51:12","date_gmt":"2015-07-31T19:51:12","guid":{"rendered":"https:\/\/radiowebmx.com\/nota\/?p=16999"},"modified":"2015-07-31T14:51:12","modified_gmt":"2015-07-31T19:51:12","slug":"en-marcha-campana-estatal-de-reforestacion-2015","status":"publish","type":"post","link":"https:\/\/radiowebmx.com\/nota\/en-marcha-campana-estatal-de-reforestacion-2015\/","title":{"rendered":"EN MARCHA CAMPA\u00d1A ESTATAL DE REFORESTACI\u00d3N 2015"},"content":{"rendered":"<p>Con la plantaci\u00f3n de 20 mil arbolitos en terrenos de ejidales del poblado Cotiro, del municipio de Coeneo, inici\u00f3 de manera oficial la Campa\u00f1a Estatal de Reforestaci\u00f3n 2015 en Michoac\u00e1n.<\/p>\n<p>Luego de resaltar la importancia de esta campa\u00f1a, que busca revertir los da\u00f1os que ocasionan al bosque el cambio de uso de suelo, los incendios forestales, adem\u00e1s de plagas y enfermedades, el director general de la Comisi\u00f3n Forestal del Estado, Silvino Ch\u00e1vez Flores, afirm\u00f3 que en los \u00faltimos 55 a\u00f1os en Michoac\u00e1n se han plantado 330 millones de plantas.<\/p>\n<p>Este esfuerzo, que cobra especial importancia desde la d\u00e9cada de los 60\u2019s, ha permitido la restauraci\u00f3n de 280 mil hect\u00e1reas en los 113 municipios, se\u00f1al\u00f3 el funcionario quien encabez\u00f3 el evento con la representaci\u00f3n del gobernador Salvador Jara Guerrero.<\/p>\n<p>Subray\u00f3, que lo anterior permite que en promedio en la entidad anualmente se atiendan m\u00e1s de 6 millones de hect\u00e1reas.<\/p>\n<p>Sin embargo, el titular de la Cofom hizo notar que es importante continuar con la conjunci\u00f3n de esfuerzos de los tres \u00e1mbitos de gobierno y de los due\u00f1os y actores del bosque, para frenar la p\u00e9rdida o perturbaci\u00f3n de este recurso natural que en promedio pierde 35 mil hect\u00e1reas anuales.<\/p>\n<p>Es importante se\u00f1alar que no hay que ver estos datos como simples n\u00fameros, ya que detr\u00e1s de ellos se encuentra la recuperaci\u00f3n de servicios ambientales de extensas zonas forestales, que proporcionan agua y ox\u00edgeno y que nos ayudan a mitigar los efectos del cambio clim\u00e1tico, resalt\u00f3 el funcionario.<\/p>\n<p>Por eso, para darle continuidad a las labores de recuperaci\u00f3n de los ecosistemas forestales, en el presente a\u00f1o, la Comisi\u00f3n Forestal del Estado opera 16 viveros y dos \u00a0m\u00f3dulos de alta productividad, que permiten una producci\u00f3n de 7.6 millones de plantas, lo que representa la aportaci\u00f3n del Gobierno del Estado a esta campa\u00f1a de reforestaci\u00f3n 2015, dijo.<\/p>\n<p>&nbsp;<\/p>\n<p>&nbsp;<\/p>\n<p>&nbsp;<\/p>\n<p>Por su parte el delegado estatal de la Semarnat, Mauro Ram\u00f3n Ballesteros Figueroa, dijo que hoy uno de los grandes retos es emprender acciones que permitan enfrentar y encarar los efectos del cambio clim\u00e1tico.<\/p>\n<p>Refiri\u00f3 que el bosque nos proporciona vida, agua y ox\u00edgeno, factores esenciales para la flora y la fauna, as\u00ed como para el ser humano.<\/p>\n<p>En tanto que Osvaldo Fern\u00e1ndez Orozco, gerente estatal de la Comisi\u00f3n Nacional Forestal (Conafor), hizo entrega de recursos econ\u00f3micos a representantes de comunidades de Michoac\u00e1n que han tomado parte en acciones de restauraci\u00f3n de suelos en unas 10 mil hect\u00e1reas hasta por 55 millones de pesos.<\/p>\n","protected":false},"excerpt":{"rendered":"<p>Con la plantaci\u00f3n de 20 mil arbolitos en terrenos de ejidales del poblado Cotiro, del municipio de Coeneo, inici\u00f3 de manera oficial la Campa\u00f1a Estatal de Reforestaci\u00f3n 2015 en Michoac\u00e1n.<\/p>\n","protected":false},"author":1,"featured_media":0,"comment_status":"open","ping_status":"open","sticky":false,"template":"","format":"standard","meta":{"footnotes":""},"categories":[3],"tags":[],"class_list":["post-16999","post","type-post","status-publish","format-standard","hentry","category-gobierno-del-estado-de-michoacan"],"_links":{"self":[{"href":"https:\/\/radiowebmx.com\/nota\/wp-json\/wp\/v2\/posts\/16999","targetHints":{"allow":["GET"]}}],"collection":[{"href":"https:\/\/radiowebmx.com\/nota\/wp-json\/wp\/v2\/posts"}],"about":[{"href":"https:\/\/radiowebmx.com\/nota\/wp-json\/wp\/v2\/types\/post"}],"author":[{"embeddable":true,"href":"https:\/\/radiowebmx.com\/nota\/wp-json\/wp\/v2\/users\/1"}],"replies":[{"embeddable":true,"href":"https:\/\/radiowebmx.com\/nota\/wp-json\/wp\/v2\/comments?post=16999"}],"version-history":[{"count":2,"href":"https:\/\/radiowebmx.com\/nota\/wp-json\/wp\/v2\/posts\/16999\/revisions"}],"predecessor-version":[{"id":17001,"href":"https:\/\/radiowebmx.com\/nota\/wp-json\/wp\/v2\/posts\/16999\/revisions\/17001"}],"wp:attachment":[{"href":"https:\/\/radiowebmx.com\/nota\/wp-json\/wp\/v2\/media?parent=16999"}],"wp:term":[{"taxonomy":"category","embeddable":true,"href":"https:\/\/radiowebmx.com\/nota\/wp-json\/wp\/v2\/categories?post=16999"},{"taxonomy":"post_tag","embeddable":true,"href":"https:\/\/radiowebmx.com\/nota\/wp-json\/wp\/v2\/tags?post=16999"}],"curies":[{"name":"wp","href":"https:\/\/api.w.org\/{rel}","templated":true}]}}