{"id":16994,"date":"2015-07-31T14:45:28","date_gmt":"2015-07-31T19:45:28","guid":{"rendered":"https:\/\/radiowebmx.com\/nota\/?p=16994"},"modified":"2015-07-31T14:45:28","modified_gmt":"2015-07-31T19:45:28","slug":"aprueba-cabildo-avance-financiero-presupuestal-del-segundo-trimestre","status":"publish","type":"post","link":"https:\/\/radiowebmx.com\/nota\/aprueba-cabildo-avance-financiero-presupuestal-del-segundo-trimestre\/","title":{"rendered":"Aprueba Cabildo avance financiero presupuestal del segundo trimestre"},"content":{"rendered":"<p>Con la aprobaci\u00f3n del Informe de Avance Financiero Presupuestal, correspondiente al Segundo Trimestre del Ejercicio Fiscal 2015, el Ayuntamiento de Morelia cumplir\u00e1 en tiempo y forma para presentarlo al Congreso del Estado como lo marca la ley, afirm\u00f3 el Presidente Salvador Abud Mirabent tras reconocer el trabajo del Cabildo moreliano, en lo que fue el an\u00e1lisis del \u00faltimo periodo de la actual administraci\u00f3n.<\/p>\n<p>&nbsp;<\/p>\n<p>\u201cEl ejercicio p\u00fablico es un tema complicado, la cobija tiene un tama\u00f1o y las necesidades son mucho mayores al alcance financiero de la administraci\u00f3n, por lo tanto el poder estirar el presupuesto y orientarlo de manera sensible, es trabajo de todo el Cabildo a trav\u00e9s de sus comisiones\u201d, se\u00f1al\u00f3 el edil moreliano.<\/p>\n<p>&nbsp;<\/p>\n<p>En sesi\u00f3n extraordinaria, dijo que lo que hoy se aprueba es un avance financiero presupuestal, el \u00faltimo de la administraci\u00f3n que encabeza, puesto que el siguiente le tocar\u00e1\u00a0 al pr\u00f3ximo ayuntamiento ejercerlo y por lo tanto calificarlo.<\/p>\n<p>&nbsp;<\/p>\n<p>El dictamen se\u00f1ala que al cierre del Segundo Trimestre de 2015, el Presupuesto de Egresos presenta un importe no ejercido por 233 millones 675 mil 259 pesos; que el activo total asciende a 2 mil 474 millones 51 mil 38 pesos y el Pasivo total a 408 millones 298 mil 319 pesos y el Patrimonio Municipal a 2 mil 65 millones 752 mil 719 pesos.<\/p>\n<p>&nbsp;<\/p>\n<p>Tambi\u00e9n se\u00f1ala que se aprobaron las transferencias compensadas entre las diferentes Unidades Program\u00e1ticas Presupuestarias al Segundo Trimestre de 2015 y que en forma neta importan la cantidad de 2 millones 795 mil pesos.<\/p>\n<p>&nbsp;<\/p>\n<p>De infraestructura social municipal revela recursos generados por 66 millones 646 mil 103 pesos; cuyos or\u00edgenes corresponden a Aportaciones Federales, rendimientos de capital y aprovechamientos de tipo corriente.<\/p>\n<p>&nbsp;<\/p>\n<p>En inversi\u00f3n p\u00fablica se ejercieron 123 millones 101 mil 342 pesos, de los recursos programados para la creaci\u00f3n, ampliaci\u00f3n y mantenimiento de infraestructura vial e hidr\u00e1ulica, principalmente la primera etapa de la avenida \u00d3scar Ch\u00e1vez; la construcci\u00f3n de guarniciones y obras pluviales en la calle Cenobio Paniagua, en la colonia Santa Cecilia, el programa de bacheo; rehabilitaci\u00f3n de la Calzada Ju\u00e1rez; la pavimentaci\u00f3n de la avenida Periodismo, entre otras.<\/p>\n<p>&nbsp;<\/p>\n<p><b>Avalan conjunto habitacional<\/b><\/p>\n<p>&nbsp;<\/p>\n<p>En sesi\u00f3n Ordinaria, el Cabildo de Morelia aprob\u00f3 el dictamen que resuelve la autorizaci\u00f3n del conjunto habitacional y comercial con una densidad de hasta 300 habitantes por hect\u00e1rea tipo inter\u00e9s social denominado \u201cPaseo del \u00c1lamo\u201d\u00a0 en el predio Santa Teresa, propiedad de la empresa Urbasur\u201d S.A. de C.V.<\/p>\n<p>&nbsp;<\/p>\n<p>De la misma forma, el m\u00e1ximo \u00f3rgano colegiado de Morelia dio luz verde al desarrollo del conjunto habitacional y comercial denominado \u201cLoreto\u201d, en el ejido de San Jos\u00e9 del Cerrito, propiedad de la empresa Inmobiliaria Country S.A de C.V.<\/p>\n<p>&nbsp;<\/p>\n<p>En otros asuntos el pleno consider\u00f3 improcedente la solicitud presentada por la trabajadora Alicia Flores L\u00f3pez para lograr su jubilaci\u00f3n con el 100 por ciento de su salario, debido a que no cumple con el tiempo reglamentario de servicio al frente de la instituci\u00f3n p\u00fablica, en tanto las Comisiones Mixtas de Trabajo del Cabildo revisar\u00e1n la solicitud de la empleada Laura Cristina Campos Monero.<\/p>\n<p>&nbsp;<\/p>\n<p>Finalmente la mayor\u00eda de los integrantes del Cabildo de Morelia dieron su voto a favor del dictamen de creaci\u00f3n del Reglamento de la Direcci\u00f3n Municipal de Asuntos Internacionales.<\/p>\n","protected":false},"excerpt":{"rendered":"<p>Con la aprobaci\u00f3n del Informe de Avance Financiero Presupuestal, correspondiente al Segundo Trimestre del Ejercicio Fiscal 2015, el Ayuntamiento de Morelia cumplir\u00e1 en tiempo y forma para presentarlo al Congreso del Estado como lo marca la ley, afirm\u00f3 el Presidente Salvador Abud Mirabent tras reconocer el trabajo del Cabildo moreliano, en lo que fue el [&hellip;]<\/p>\n","protected":false},"author":1,"featured_media":16992,"comment_status":"open","ping_status":"open","sticky":false,"template":"","format":"standard","meta":{"footnotes":""},"categories":[14,9],"tags":[],"class_list":["post-16994","post","type-post","status-publish","format-standard","has-post-thumbnail","hentry","category-destacadas","category-morelia"],"_links":{"self":[{"href":"https:\/\/radiowebmx.com\/nota\/wp-json\/wp\/v2\/posts\/16994","targetHints":{"allow":["GET"]}}],"collection":[{"href":"https:\/\/radiowebmx.com\/nota\/wp-json\/wp\/v2\/posts"}],"about":[{"href":"https:\/\/radiowebmx.com\/nota\/wp-json\/wp\/v2\/types\/post"}],"author":[{"embeddable":true,"href":"https:\/\/radiowebmx.com\/nota\/wp-json\/wp\/v2\/users\/1"}],"replies":[{"embeddable":true,"href":"https:\/\/radiowebmx.com\/nota\/wp-json\/wp\/v2\/comments?post=16994"}],"version-history":[{"count":1,"href":"https:\/\/radiowebmx.com\/nota\/wp-json\/wp\/v2\/posts\/16994\/revisions"}],"predecessor-version":[{"id":16995,"href":"https:\/\/radiowebmx.com\/nota\/wp-json\/wp\/v2\/posts\/16994\/revisions\/16995"}],"wp:featuredmedia":[{"embeddable":true,"href":"https:\/\/radiowebmx.com\/nota\/wp-json\/wp\/v2\/media\/16992"}],"wp:attachment":[{"href":"https:\/\/radiowebmx.com\/nota\/wp-json\/wp\/v2\/media?parent=16994"}],"wp:term":[{"taxonomy":"category","embeddable":true,"href":"https:\/\/radiowebmx.com\/nota\/wp-json\/wp\/v2\/categories?post=16994"},{"taxonomy":"post_tag","embeddable":true,"href":"https:\/\/radiowebmx.com\/nota\/wp-json\/wp\/v2\/tags?post=16994"}],"curies":[{"name":"wp","href":"https:\/\/api.w.org\/{rel}","templated":true}]}}