{"id":16991,"date":"2015-07-31T14:44:20","date_gmt":"2015-07-31T19:44:20","guid":{"rendered":"https:\/\/radiowebmx.com\/nota\/?p=16991"},"modified":"2015-07-31T14:44:20","modified_gmt":"2015-07-31T19:44:20","slug":"acto-civico-de-aniversario-luctuoso-de-don-miguel-hidalgo%e2%80%8f","status":"publish","type":"post","link":"https:\/\/radiowebmx.com\/nota\/acto-civico-de-aniversario-luctuoso-de-don-miguel-hidalgo%e2%80%8f\/","title":{"rendered":"ACTO C\u00cdVICO DE ANIVERSARIO LUCTUOSO DE DON MIGUEL HIDALGO\u200f"},"content":{"rendered":"<p>El presidente municipal de Morelia, Salvador Abud Mirabent, particip\u00f3 en el acto c\u00edvico y colocaci\u00f3n de ofrenda floral que se realiz\u00f3 en conmemoraci\u00f3n del 204 aniversario luctuoso de Don Miguel Hidalgo y Costilla, en la plaza p\u00fablica que lleva su nombre.<\/p>\n<p>Al evento asistieron tambi\u00e9n el gobernador del estado, Salvador Jara Guerrero; el presidente de la Mesa Directiva del Congreso del Estado, Sarbelio Molina V\u00e9lez, y el rector de la Universidad Michoacana de San Nicol\u00e1s de Hidalgo, Medardo Serna Gonz\u00e1lez.<\/p>\n","protected":false},"excerpt":{"rendered":"<p>El presidente municipal de Morelia, Salvador Abud Mirabent, particip\u00f3 en el acto c\u00edvico y colocaci\u00f3n de ofrenda floral que se realiz\u00f3 en conmemoraci\u00f3n del 204 aniversario luctuoso de Don Miguel Hidalgo y Costilla, en la plaza p\u00fablica que lleva su nombre.<\/p>\n","protected":false},"author":1,"featured_media":16992,"comment_status":"open","ping_status":"open","sticky":false,"template":"","format":"standard","meta":{"footnotes":""},"categories":[14,9],"tags":[],"class_list":["post-16991","post","type-post","status-publish","format-standard","has-post-thumbnail","hentry","category-destacadas","category-morelia"],"_links":{"self":[{"href":"https:\/\/radiowebmx.com\/nota\/wp-json\/wp\/v2\/posts\/16991","targetHints":{"allow":["GET"]}}],"collection":[{"href":"https:\/\/radiowebmx.com\/nota\/wp-json\/wp\/v2\/posts"}],"about":[{"href":"https:\/\/radiowebmx.com\/nota\/wp-json\/wp\/v2\/types\/post"}],"author":[{"embeddable":true,"href":"https:\/\/radiowebmx.com\/nota\/wp-json\/wp\/v2\/users\/1"}],"replies":[{"embeddable":true,"href":"https:\/\/radiowebmx.com\/nota\/wp-json\/wp\/v2\/comments?post=16991"}],"version-history":[{"count":1,"href":"https:\/\/radiowebmx.com\/nota\/wp-json\/wp\/v2\/posts\/16991\/revisions"}],"predecessor-version":[{"id":16993,"href":"https:\/\/radiowebmx.com\/nota\/wp-json\/wp\/v2\/posts\/16991\/revisions\/16993"}],"wp:featuredmedia":[{"embeddable":true,"href":"https:\/\/radiowebmx.com\/nota\/wp-json\/wp\/v2\/media\/16992"}],"wp:attachment":[{"href":"https:\/\/radiowebmx.com\/nota\/wp-json\/wp\/v2\/media?parent=16991"}],"wp:term":[{"taxonomy":"category","embeddable":true,"href":"https:\/\/radiowebmx.com\/nota\/wp-json\/wp\/v2\/categories?post=16991"},{"taxonomy":"post_tag","embeddable":true,"href":"https:\/\/radiowebmx.com\/nota\/wp-json\/wp\/v2\/tags?post=16991"}],"curies":[{"name":"wp","href":"https:\/\/api.w.org\/{rel}","templated":true}]}}