{"id":16985,"date":"2015-07-30T11:36:45","date_gmt":"2015-07-30T16:36:45","guid":{"rendered":"https:\/\/radiowebmx.com\/nota\/?p=16985"},"modified":"2015-07-30T11:36:45","modified_gmt":"2015-07-30T16:36:45","slug":"el-reto-dejar-el-mexico-barbaro-y-asumir-con-civilidad-y-madurez-nuestras-diferencias-sjg","status":"publish","type":"post","link":"https:\/\/radiowebmx.com\/nota\/el-reto-dejar-el-mexico-barbaro-y-asumir-con-civilidad-y-madurez-nuestras-diferencias-sjg\/","title":{"rendered":"EL RETO, DEJAR EL M\u00c9XICO B\u00c1RBARO Y ASUMIR CON CIVILIDAD Y MADUREZ NUESTRAS DIFERENCIAS: SJG"},"content":{"rendered":"<p>Hoy,\u00a0con todos nuestros problemas, somos un pa\u00eds democr\u00e1tico, con mejor educaci\u00f3n y con mayores responsabilidades. Sin embargo, el reto de hoy contin\u00faa siendo dejar el M\u00e9xico b\u00e1rbaro y asumir con civilidad y madurez nuestras diferencias, en un di\u00e1logo que fortalezca las instituciones nacionales; que privilegie la tranquilidad, el trabajo, el desarrollo y el respeto a la ley, asever\u00f3 el gobernador de Michoac\u00e1n Salvador Jara Guerrero.<\/p>\n<p>En su discurso como orador oficial en el marco del doscientos cuatro aniversario luctuoso de don Miguel Hidalgo y Costilla, el jefe del Ejecutivo estatal manifest\u00f3 que el Padre de la Patria se preocup\u00f3 y se ocup\u00f3 no s\u00f3lo en la lucha armada, sino en construir un mejor futuro regido por el respeto a las leyes y cimentado en las pol\u00edticas p\u00fablicas, que trascend\u00eda al uso de las armas. Por ello, conmin\u00f3 a rescatar ese legado y volver al compromiso de construir nuevamente desde Michoac\u00e1n, un M\u00e9xico mejor para las futuras generaciones.<\/p>\n<p>Jara Guerrero asever\u00f3 que la verdadera libertad requiere opciones, alternativas, pero tambi\u00e9n\u00a0exige\u00a0obligaciones,\u00a0exige conocimiento y responsabilidad en la toma de decisiones. Y a prop\u00f3sito de Hidalgo, se\u00f1al\u00f3 que \u00e9l pens\u00f3 a la libertad no s\u00f3lo como la ausencia de l\u00edmites u obst\u00e1culos en el desarrollo de la vida p\u00fablica, sino como la capacidad real de elegir entre diversas opciones,\u00a0con responsabilidad compartida, con conocimiento y con educaci\u00f3n.<\/p>\n<p>Manifest\u00f3 que la libertad es tambi\u00e9n uno de estos pilares fundamentales, pero que pierde raz\u00f3n si no se tiene educaci\u00f3n, as\u00ed como la democracia, ya que en la democracia misma est\u00e1 el ideal de libertad de elecci\u00f3n; \u201cla democracia es la libertad de escoger entre distintas\u00a0opciones y de construir \u00a0a trav\u00e9s de la discusi\u00f3n cr\u00edtica,\u00a0pero civil\u00a0y pac\u00edfica,\u00a0diversas v\u00edas para la resoluci\u00f3n de\u00a0todos los\u00a0conflictos\u201d.<\/p>\n<p>Por ello, agreg\u00f3, un principio ineludible en las sociedades democr\u00e1ticas, es el aseguramiento de la libertad\u00a0de pensamiento y expresi\u00f3n,\u00a0pero con informaci\u00f3n y con educaci\u00f3n, pues \u201cun pensamiento ignorante no puede ser un pensamiento libre porque no\u00a0elige, es un pensamiento f\u00e1cilmente manipulado, es un pensamiento que f\u00e1cilmente puede dogmatizarse\u201d.<\/p>\n<p>Recordando la aportaci\u00f3n de Hidalgo a la Patria, el mandatario estatal dijo que Hidalgo defendi\u00f3, por sobre todas las cosas,\u00a0la libertad del hombre, pero \u00e9sta no se conquista por decreto, ni por ley m\u00e1xima de los hombres; \u201cla libertad es un principio que se construye sobre la base del disfrute de los m\u00ednimos derechos que permitan al ser humano\u00a0contar con alternativas y\u00a0gozar por completo de la autodeterminaci\u00f3n de su persona\u201d.<\/p>\n<p>Cit\u00f3 a Jos\u00e9 Vasconcelos, al se\u00f1alar que \u201cla educaci\u00f3n nos hace libres\u201d, puesto que \u201cen el proceso educativo nos construimos como mejores personas, aprendemos no solamente las t\u00e9cnicas que facilitan nuestra vida, aprendemos a ser cr\u00edticos, a evaluar puntos de vista, a no dejarnos enga\u00f1ar por charlatanes, tambi\u00e9n aprendemos valores como el respeto a la diversidad y la justicia, pero tambi\u00e9n tenemos que aprender a cumplir con nuestras obligaciones\u201d.<\/p>\n<p>Salvador Jara se\u00f1al\u00f3, por otra parte, que la educaci\u00f3n debe instruir a\u00a0nuestros j\u00f3venes, otorgarles\u00a0herramientas para el trabajo,\u00a0pero sobre todo debe formar, educar en el sentido m\u00e1s amplio; transmitirles los valores de respeto a la ley, a la diversidad de la que formamos parte y a la vez el sentido cr\u00edtico y la solidaridad.<\/p>\n<p>En ese tenor, manifest\u00f3 que la educaci\u00f3n debe otorgar\u00a0lo necesario para disfrutar el mundo, admirarlo y cuidarlo. Por ello,\u00a0una cultura integral es la base de la verdadera educaci\u00f3n\u00a0de calidad. Reconoci\u00f3 que hoy d\u00eda, nuestros j\u00f3venes siguen esclavos del destino si no tienen acceso a\u00a0una verdadera\u00a0educaci\u00f3n, a una educaci\u00f3n con calidad.<\/p>\n<p>El gobernador michoacano retom\u00f3 el concepto de democracia al apuntar que \u00e9sta debe ser entendida como el mecanismo en donde las mayor\u00edas conviven, debaten, escuchan, deliberan y respetan a las minor\u00edas; \u201csolamente as\u00ed, con la participaci\u00f3n de la diversidad y en el pleno respeto a la diferencia de ideario y opini\u00f3n, se pueden construir soluciones\u00a0viables\u00a0a los problemas que nos aquejan\u201d.<\/p>\n<p>Y agreg\u00f3 que en un debate verdaderamente democr\u00e1tico, campea la premisa prudencial de que todas las opiniones son dignas de respeto, porque en cada una de ellas subyace algo de\u00a0raz\u00f3n y algo de verdad; por ello, nunca se debe descalificar a priori ning\u00fan argumento.<\/p>\n<p>Al t\u00e9rmino del discurso y en el acto c\u00edvico organizado por el Ayuntamiento de Morelia, las autoridades montaron guardia de honor en la figura de bronce que sobre la explanada del mismo nombre se erige en honor a Don Miguel Hidalgo y Costilla.<\/p>\n<p>Presidieron tambi\u00e9n esta ceremonia, el presidente municipal de Morelia, Salvador Abud Mirabent; el presidente de la Mesa Directiva del Congreso local, diputado Sarbelio Molina V\u00e9lez; el rector de la Universidad Michoacana de San Nicol\u00e1s de Hidalgo, Medardo Serna Gonz\u00e1lez; el secretario de Educaci\u00f3n del estado, Armando Sep\u00falveda L\u00f3pez; por mencionar algunos.<\/p>\n","protected":false},"excerpt":{"rendered":"<p>Hoy, con todos nuestros problemas, somos un pa\u00eds democr\u00e1tico, con mejor educaci\u00f3n y con mayores responsabilidades. Sin embargo, el reto de hoy contin\u00faa siendo dejar el M\u00e9xico b\u00e1rbaro y asumir con civilidad y madurez nuestras diferencias, en un di\u00e1logo que fortalezca las instituciones nacionales; <\/p>\n","protected":false},"author":1,"featured_media":16986,"comment_status":"open","ping_status":"open","sticky":false,"template":"","format":"standard","meta":{"footnotes":""},"categories":[14,3],"tags":[],"class_list":["post-16985","post","type-post","status-publish","format-standard","has-post-thumbnail","hentry","category-destacadas","category-gobierno-del-estado-de-michoacan"],"_links":{"self":[{"href":"https:\/\/radiowebmx.com\/nota\/wp-json\/wp\/v2\/posts\/16985","targetHints":{"allow":["GET"]}}],"collection":[{"href":"https:\/\/radiowebmx.com\/nota\/wp-json\/wp\/v2\/posts"}],"about":[{"href":"https:\/\/radiowebmx.com\/nota\/wp-json\/wp\/v2\/types\/post"}],"author":[{"embeddable":true,"href":"https:\/\/radiowebmx.com\/nota\/wp-json\/wp\/v2\/users\/1"}],"replies":[{"embeddable":true,"href":"https:\/\/radiowebmx.com\/nota\/wp-json\/wp\/v2\/comments?post=16985"}],"version-history":[{"count":1,"href":"https:\/\/radiowebmx.com\/nota\/wp-json\/wp\/v2\/posts\/16985\/revisions"}],"predecessor-version":[{"id":16987,"href":"https:\/\/radiowebmx.com\/nota\/wp-json\/wp\/v2\/posts\/16985\/revisions\/16987"}],"wp:featuredmedia":[{"embeddable":true,"href":"https:\/\/radiowebmx.com\/nota\/wp-json\/wp\/v2\/media\/16986"}],"wp:attachment":[{"href":"https:\/\/radiowebmx.com\/nota\/wp-json\/wp\/v2\/media?parent=16985"}],"wp:term":[{"taxonomy":"category","embeddable":true,"href":"https:\/\/radiowebmx.com\/nota\/wp-json\/wp\/v2\/categories?post=16985"},{"taxonomy":"post_tag","embeddable":true,"href":"https:\/\/radiowebmx.com\/nota\/wp-json\/wp\/v2\/tags?post=16985"}],"curies":[{"name":"wp","href":"https:\/\/api.w.org\/{rel}","templated":true}]}}