{"id":16982,"date":"2015-07-30T11:31:01","date_gmt":"2015-07-30T16:31:01","guid":{"rendered":"https:\/\/radiowebmx.com\/nota\/?p=16982"},"modified":"2015-07-30T11:31:01","modified_gmt":"2015-07-30T16:31:01","slug":"dif-michoacan-reapertura-estancias-infantiles-en-yurecuaro-y-tanhuato","status":"publish","type":"post","link":"https:\/\/radiowebmx.com\/nota\/dif-michoacan-reapertura-estancias-infantiles-en-yurecuaro-y-tanhuato\/","title":{"rendered":"DIF MICHOAC\u00c1N REAPERTURA ESTANCIAS INFANTILES EN YUR\u00c9CUARO Y TANHUATO"},"content":{"rendered":"<p>Con el firme prop\u00f3sito de realizar acciones que beneficien a los michoacanos, el Sistema para el Desarrollo Integral de la Familia (DIF) Michoac\u00e1n, que preside Catherine Ettinger de Jara, en colaboraci\u00f3n con la Secretar\u00eda de Desarrollo Social (Sedesol), reapertur\u00f3 dos estancias infantiles para ni\u00f1as y ni\u00f1os, hijos de jornaleros agr\u00edcolas migrantes en los municipios de Yur\u00e9cuaro y Tanhuato.<\/p>\n<p>&nbsp;<\/p>\n<p>Mariana Sosa Olmeda, directora de la dependencia estatal, refiri\u00f3 que en su \u00faltima visita a dichos municipios, la presidenta del DIF Michoac\u00e1n, Catherine Ettinger, hizo el compromiso de abrir las guarder\u00edas que llevaban m\u00e1s de tres a\u00f1os abandonadas; &#8220;hoy cumplimos ese compromiso y de manera coordinada con Sedesol entregamos en operaci\u00f3n las estancias infantiles, mismas que ser\u00e1n un espacio de desarrollo y formaci\u00f3n integral para nuestros ni\u00f1os, teniendo as\u00ed la satisfacci\u00f3n del deber cumplido&#8221;.<\/p>\n<p>&nbsp;<\/p>\n<p>Mencion\u00f3 que una de las grandes preocupaciones del DIF es mejorar las condiciones de vida de los menores que llegan con sus padres para trabajar en los campos agr\u00edcolas, por lo que como prioridad, est\u00e1 el brindar apoyo a las madres de familia, que al no tener d\u00f3nde dejar a sus peque\u00f1os, los llevan a los campos de cultivo y es as\u00ed como se propicia el trabajo infantil.<\/p>\n<p>&nbsp;<\/p>\n<p>Sosa Olmeda agradeci\u00f3 el apoyo de las autoridades federales y municipales, ya que con esta acci\u00f3n, se da un claro ejemplo de lo que es el trabajo colaborativo.<\/p>\n<p>&nbsp;<\/p>\n<p>Es importante mencionar que a trav\u00e9s del Programa &#8220;Promover los Derechos de la Infancia&#8221;, del Departamento de J\u00f3venes y Ni\u00f1os en Riesgo del DIF Michoac\u00e1n, se destin\u00f3 un presupuesto de m\u00e1s de 42 mil pesos para la adquisici\u00f3n de material necesario para la operaci\u00f3n de la guarder\u00eda como: utensilios de cocina, equipo de c\u00f3mputo, blancos, material de primeros auxilios, art\u00edculos did\u00e1cticos, papeler\u00eda, material de higiene, uniformes, entre otros.<\/p>\n<p>&nbsp;<\/p>\n<p>Por su parte, el delegado de la Sedesol en Michoac\u00e1n, V\u00edctor Manuel Tapia Casta\u00f1eda, recalc\u00f3 que las estancias infantiles brindar\u00e1n un ambiente propicio para las ni\u00f1as y los ni\u00f1os proyectando un mejor futuro para ellos y sus familias; reconoci\u00f3 que con esta labor se dan grandes muestras de lo que puede resultar cuando se trabaja por el bienestar de la gente que m\u00e1s lo necesita.<\/p>\n<p>&nbsp;<\/p>\n<p>Las estancias infantiles &#8220;La Monarca&#8221; en el municipio de Yur\u00e9cuaro y &#8220;El Albergue&#8221; en Tanhuato, tienen una capacidad instalada para albergar a 50 ni\u00f1os cada una, y con una plantilla laboral total de 20 personas que atender\u00e1n a ni\u00f1os y ni\u00f1as de 6 meses a 5 a\u00f1os de edad.<\/p>\n<p>&nbsp;<\/p>\n<p>Durante la reapertura de las guarder\u00edas, se hizo adem\u00e1s la entrega de cobijas, juguetes, pelotas y m\u00e1s de 250 despensas a ni\u00f1os, ni\u00f1as y jornaleros ah\u00ed presentes.<\/p>\n<p>&nbsp;<\/p>\n<p>Jos\u00e9 Noguez Salda\u00f1a, delegado en Michoac\u00e1n de la Secretar\u00eda de Trabajo y Previsi\u00f3n Social (STPS), \u00a0inform\u00f3 que como parte de las acciones y trabajos intersecretariales que se realizan con el objetivo de erradicar el trabajo infantil, se han realizado visitas de supervisi\u00f3n a campos agr\u00edcolas vigilando que no existan menores trabajando y que no se violenten sus derechos, priorizando as\u00ed el bienestar de los menores.<\/p>\n<p>&nbsp;<\/p>\n<p>Por \u00faltimo, el presidente municipal de Yur\u00e9cuaro, Rigoberto L\u00f3pez Serrato y su hom\u00f3logo de Tanhuato, Jos\u00e9 Ignacio Cuevas P\u00e9rez, agradecieron el apoyo de las autoridades ya que las guarder\u00edas ser\u00e1n un gran soporte para los jornaleros que llegan desde otros municipios y de estados vecinos a Michoac\u00e1n, para trabajar la tierra de la regi\u00f3n.<\/p>\n<p>&nbsp;<\/p>\n","protected":false},"excerpt":{"rendered":"<p>Con el firme prop\u00f3sito de realizar acciones que beneficien a los michoacanos, el Sistema para el DIF Michoac\u00e1n, que preside Catherine Ettinger de Jara, en colaboraci\u00f3n con la Sedesol, reapertur\u00f3 dos estancias infantiles para ni\u00f1as y ni\u00f1os, hijos de jornaleros agr\u00edcolas migrantes en los municipios de Yur\u00e9cuaro y Tanhuato.<\/p>\n","protected":false},"author":1,"featured_media":16983,"comment_status":"open","ping_status":"open","sticky":false,"template":"","format":"standard","meta":{"footnotes":""},"categories":[14,3],"tags":[],"class_list":["post-16982","post","type-post","status-publish","format-standard","has-post-thumbnail","hentry","category-destacadas","category-gobierno-del-estado-de-michoacan"],"_links":{"self":[{"href":"https:\/\/radiowebmx.com\/nota\/wp-json\/wp\/v2\/posts\/16982","targetHints":{"allow":["GET"]}}],"collection":[{"href":"https:\/\/radiowebmx.com\/nota\/wp-json\/wp\/v2\/posts"}],"about":[{"href":"https:\/\/radiowebmx.com\/nota\/wp-json\/wp\/v2\/types\/post"}],"author":[{"embeddable":true,"href":"https:\/\/radiowebmx.com\/nota\/wp-json\/wp\/v2\/users\/1"}],"replies":[{"embeddable":true,"href":"https:\/\/radiowebmx.com\/nota\/wp-json\/wp\/v2\/comments?post=16982"}],"version-history":[{"count":1,"href":"https:\/\/radiowebmx.com\/nota\/wp-json\/wp\/v2\/posts\/16982\/revisions"}],"predecessor-version":[{"id":16984,"href":"https:\/\/radiowebmx.com\/nota\/wp-json\/wp\/v2\/posts\/16982\/revisions\/16984"}],"wp:featuredmedia":[{"embeddable":true,"href":"https:\/\/radiowebmx.com\/nota\/wp-json\/wp\/v2\/media\/16983"}],"wp:attachment":[{"href":"https:\/\/radiowebmx.com\/nota\/wp-json\/wp\/v2\/media?parent=16982"}],"wp:term":[{"taxonomy":"category","embeddable":true,"href":"https:\/\/radiowebmx.com\/nota\/wp-json\/wp\/v2\/categories?post=16982"},{"taxonomy":"post_tag","embeddable":true,"href":"https:\/\/radiowebmx.com\/nota\/wp-json\/wp\/v2\/tags?post=16982"}],"curies":[{"name":"wp","href":"https:\/\/api.w.org\/{rel}","templated":true}]}}