{"id":16953,"date":"2015-07-29T11:22:14","date_gmt":"2015-07-29T16:22:14","guid":{"rendered":"https:\/\/radiowebmx.com\/nota\/?p=16953"},"modified":"2015-07-29T11:22:14","modified_gmt":"2015-07-29T16:22:14","slug":"la-semujer-da-inicio-a-las-acciones-del-programa-paimef","status":"publish","type":"post","link":"https:\/\/radiowebmx.com\/nota\/la-semujer-da-inicio-a-las-acciones-del-programa-paimef\/","title":{"rendered":"LA SEMUJER DA INICIO A LAS ACCIONES DEL PROGRAMA PAIMEF"},"content":{"rendered":"<p>Para contribuir\u00a0 a lograr una sociedad igualitaria mediante la prevenci\u00f3n y la atenci\u00f3n de la violencia de g\u00e9nero en el estado de Michoac\u00e1n, la Secretar\u00eda de la Mujer (SEMUJER) dio inicio a las acciones del Programa de Apoyo a las Instancias de las Mujeres en las Entidades Federativas (PAIMEF), las cuales concluir\u00e1n en el pr\u00f3ximo mes de diciembre.<\/p>\n<p>Karla Lizette Cort\u00e9s Trevi\u00f1o, coordinadora del programa PAIMEF, dio a conocer que durante el periodo de mayo a diciembre del presente a\u00f1o, la SEMUJER, desempe\u00f1ar\u00e1 diversas actividades dentro de las que se encuentran, la capacitaci\u00f3n al personal profesional que se dedicar\u00e1 a brindar la atenci\u00f3n directa a las mujeres en situaci\u00f3n de violencia, as\u00ed como a sus hijas, hijos y personas allegadas a ellas, que as\u00ed lo requieran.<\/p>\n<p>El personal, dijo, estar\u00e1 completamente sensibilizado y capacitado para brindar las atenciones necesarias con la mayor profesionalizaci\u00f3n a las mujeres en las \u00e1reas jur\u00eddica, psicol\u00f3gica, de trabajo social y por primera ocasi\u00f3n de atenci\u00f3n m\u00e9dica.<\/p>\n<p>De la misma manera, se\u00f1al\u00f3 la coordinadora, se dar\u00e1 un fortalecimiento en la capacidad operativa del Banco Estatal de Informaci\u00f3n sobre los casos de violencia de g\u00e9nero registrados en el periodo mencionado en el estado, se elaborar\u00e1n estad\u00edsticas y toda la informaci\u00f3n publicada estar\u00e1 completamente actualizada.<\/p>\n<p>Agreg\u00f3 que para los municipios de Uruapan y L\u00e1zaro C\u00e1rdenas, se tienen preparados talleres de masculinidades y de empoderamiento; en Morelia se realizar\u00e1n funciones de teatro gui\u00f1ol, mismas que se presentar\u00e1n en 11 escuelas primarias ubicadas en zonas donde se tiene focalizada la violencia; tambi\u00e9n se llevar\u00e1 cine debate itinerante a 15 municipios donde se proyectar\u00e1n documentales que abordan la tem\u00e1tica de la violencia contra la mujer.<\/p>\n<p>Es importante hacer menci\u00f3n que con las actividades que se realizan dentro del programa PAIMEF se fortalece la atenci\u00f3n y gesti\u00f3n que se proporciona en la Secretar\u00eda de la Mujer con personal profesional en las \u00e1reas psicol\u00f3gica, jur\u00eddica y m\u00e9dica, adem\u00e1s de que a la fecha se cuenta con siete centros de atenci\u00f3n fija en los municipios de: Hidalgo, La Piedad, P\u00e1tzcuaro, Tac\u00e1mbaro, Tanhuato, Zamora y Zit\u00e1cuaro.<\/p>\n<p>Adem\u00e1s se cuenta con dos unidades m\u00f3viles que recorren los municipios de: Charo, Indaparapeo, \u00c1lvaro Obreg\u00f3n, Santa Ana Maya, Madero, Taretan, Ziracuaretiro, Ario, San Lucas, Huetamo, Turicato, Car\u00e1cuaro, Nocup\u00e9taro, Tiquicheo, Tuzantla, Susupuato, Parangaricutiro, Salvador Escalante, Ocampo, Huaniqueo , Coeneo, Morelos, Jim\u00e9nez, Panind\u00edcuaro, Zacapu, Angamacutiro, Jos\u00e9 Sixto Verduzco, Yur\u00e9cuaro, Ecuandureo, Churitzio, Zin\u00e1paro, Numar\u00e1n Jacona, Tocumbo, Perib\u00e1n, Tlazazalca, Pur\u00e9pero, Penjamillo y Puru\u00e1ndiro.<\/p>\n","protected":false},"excerpt":{"rendered":"<p>Para contribuir  a lograr una sociedad igualitaria mediante la prevenci\u00f3n y la atenci\u00f3n de la violencia de g\u00e9nero en el estado de Michoac\u00e1n, la SEMUJER dio inicio a las acciones del PAIMEF, las cuales concluir\u00e1n en el pr\u00f3ximo mes de diciembre.<\/p>\n","protected":false},"author":1,"featured_media":0,"comment_status":"open","ping_status":"open","sticky":false,"template":"","format":"standard","meta":{"footnotes":""},"categories":[3],"tags":[],"class_list":["post-16953","post","type-post","status-publish","format-standard","hentry","category-gobierno-del-estado-de-michoacan"],"_links":{"self":[{"href":"https:\/\/radiowebmx.com\/nota\/wp-json\/wp\/v2\/posts\/16953","targetHints":{"allow":["GET"]}}],"collection":[{"href":"https:\/\/radiowebmx.com\/nota\/wp-json\/wp\/v2\/posts"}],"about":[{"href":"https:\/\/radiowebmx.com\/nota\/wp-json\/wp\/v2\/types\/post"}],"author":[{"embeddable":true,"href":"https:\/\/radiowebmx.com\/nota\/wp-json\/wp\/v2\/users\/1"}],"replies":[{"embeddable":true,"href":"https:\/\/radiowebmx.com\/nota\/wp-json\/wp\/v2\/comments?post=16953"}],"version-history":[{"count":1,"href":"https:\/\/radiowebmx.com\/nota\/wp-json\/wp\/v2\/posts\/16953\/revisions"}],"predecessor-version":[{"id":16954,"href":"https:\/\/radiowebmx.com\/nota\/wp-json\/wp\/v2\/posts\/16953\/revisions\/16954"}],"wp:attachment":[{"href":"https:\/\/radiowebmx.com\/nota\/wp-json\/wp\/v2\/media?parent=16953"}],"wp:term":[{"taxonomy":"category","embeddable":true,"href":"https:\/\/radiowebmx.com\/nota\/wp-json\/wp\/v2\/categories?post=16953"},{"taxonomy":"post_tag","embeddable":true,"href":"https:\/\/radiowebmx.com\/nota\/wp-json\/wp\/v2\/tags?post=16953"}],"curies":[{"name":"wp","href":"https:\/\/api.w.org\/{rel}","templated":true}]}}