{"id":16945,"date":"2015-07-29T11:12:57","date_gmt":"2015-07-29T16:12:57","guid":{"rendered":"https:\/\/radiowebmx.com\/nota\/?p=16945"},"modified":"2015-07-29T11:12:57","modified_gmt":"2015-07-29T16:12:57","slug":"ooapas-programa-trabajos-sobre-avenida-madero-poniente","status":"publish","type":"post","link":"https:\/\/radiowebmx.com\/nota\/ooapas-programa-trabajos-sobre-avenida-madero-poniente\/","title":{"rendered":"OOAPAS programa trabajos sobre avenida Madero poniente"},"content":{"rendered":"<p>El Organismo Operador de Agua Potable, Alcantarillado y Saneamiento de Morelia (OOAPAS) informa que el mi\u00e9rcoles 29 de julio se realizar\u00e1 un cambio de toma de agua potable sobre los carriles centrales de la avenida Madero Poniente, entre las calles Le\u00f3n Guzm\u00e1n y Valent\u00edn G\u00f3mez Far\u00edas, en el Centro Hist\u00f3rico de la ciudad.<\/p>\n<p><b>\u00a0<\/b><\/p>\n<p><b>La obra se iniciar\u00e1 a las 21:00 horas, y se prev\u00e9 que el jueves 30 de julio a las 07:00 horas se abra de nuevo la circulaci\u00f3n en el tramo se\u00f1alado<\/b>. Esto, considerando el bacheo de la obra y que el material haya fraguado por completo.<\/p>\n<p>&nbsp;<\/p>\n<p>Se contar\u00e1 con el apoyo de la Direcci\u00f3n de Seguridad Ciudadana municipal, para desviar el tr\u00e1nsito vehicular, mientras el personal trabaja en el tramo se\u00f1alado.<\/p>\n<p>&nbsp;<\/p>\n<p>Por lo anterior, se recomienda a la ciudadan\u00eda evitar circular por la zona se\u00f1alada y usar v\u00edas alternas mientras duren los trabajos programados.<\/p>\n<p>&nbsp;<\/p>\n<p>Los trabajos se realizar\u00e1n en horario nocturno, para minimizar las afectaciones en la circulaci\u00f3n vehicular de esta importante avenida.<\/p>\n","protected":false},"excerpt":{"rendered":"<p> El OOAPAS informa que el mi\u00e9rcoles 29 de julio se realizar\u00e1 un cambio de toma de agua potable sobre los carriles centrales de la avenida Madero Poniente, entre las calles Le\u00f3n Guzm\u00e1n y Valent\u00edn G\u00f3mez Far\u00edas, en el Centro Hist\u00f3rico de la ciudad.<\/p>\n","protected":false},"author":1,"featured_media":16946,"comment_status":"open","ping_status":"open","sticky":false,"template":"","format":"standard","meta":{"footnotes":""},"categories":[14,9],"tags":[],"class_list":["post-16945","post","type-post","status-publish","format-standard","has-post-thumbnail","hentry","category-destacadas","category-morelia"],"_links":{"self":[{"href":"https:\/\/radiowebmx.com\/nota\/wp-json\/wp\/v2\/posts\/16945","targetHints":{"allow":["GET"]}}],"collection":[{"href":"https:\/\/radiowebmx.com\/nota\/wp-json\/wp\/v2\/posts"}],"about":[{"href":"https:\/\/radiowebmx.com\/nota\/wp-json\/wp\/v2\/types\/post"}],"author":[{"embeddable":true,"href":"https:\/\/radiowebmx.com\/nota\/wp-json\/wp\/v2\/users\/1"}],"replies":[{"embeddable":true,"href":"https:\/\/radiowebmx.com\/nota\/wp-json\/wp\/v2\/comments?post=16945"}],"version-history":[{"count":1,"href":"https:\/\/radiowebmx.com\/nota\/wp-json\/wp\/v2\/posts\/16945\/revisions"}],"predecessor-version":[{"id":16947,"href":"https:\/\/radiowebmx.com\/nota\/wp-json\/wp\/v2\/posts\/16945\/revisions\/16947"}],"wp:featuredmedia":[{"embeddable":true,"href":"https:\/\/radiowebmx.com\/nota\/wp-json\/wp\/v2\/media\/16946"}],"wp:attachment":[{"href":"https:\/\/radiowebmx.com\/nota\/wp-json\/wp\/v2\/media?parent=16945"}],"wp:term":[{"taxonomy":"category","embeddable":true,"href":"https:\/\/radiowebmx.com\/nota\/wp-json\/wp\/v2\/categories?post=16945"},{"taxonomy":"post_tag","embeddable":true,"href":"https:\/\/radiowebmx.com\/nota\/wp-json\/wp\/v2\/tags?post=16945"}],"curies":[{"name":"wp","href":"https:\/\/api.w.org\/{rel}","templated":true}]}}