{"id":16941,"date":"2015-07-29T11:10:06","date_gmt":"2015-07-29T16:10:06","guid":{"rendered":"https:\/\/radiowebmx.com\/nota\/?p=16941"},"modified":"2015-07-29T11:10:06","modified_gmt":"2015-07-29T16:10:06","slug":"premian-a-ganadores-del-programa-lideres-juveniles-promoviendo-la-cultura-de-la-legalidad","status":"publish","type":"post","link":"https:\/\/radiowebmx.com\/nota\/premian-a-ganadores-del-programa-lideres-juveniles-promoviendo-la-cultura-de-la-legalidad\/","title":{"rendered":"PREMIAN A GANADORES DEL PROGRAMA \u201cL\u00cdDERES JUVENILES PROMOVIENDO LA CULTURA DE LA LEGALIDAD\u201d"},"content":{"rendered":"<p>La actual administraci\u00f3n estatal apuesta por el fortalecimiento del marco de la legalidad para beneficio de los michoacanos, pero particularmente a la juventud que ha pasado a ser un segmento vulnerable en el desarrollo de la sociedad, afirm\u00f3 Ana Brasilia Espino Sandoval, secretaria de los J\u00f3venes (Sejoven).<\/p>\n<p>Espino Sandoval se\u00f1al\u00f3 que la Sejoven busca impulsar de manera permanente el desarrollo integral de la juventud michoacana, priorizando el respeto a sus derechos humanos y realizando actividades como el programa \u201cL\u00edderes juveniles promoviendo la cultura de la legalidad\u201d.<\/p>\n<p>Dijo que para la Sejoven es importante instrumentar pol\u00edticas p\u00fablicas de inclusi\u00f3n y atenci\u00f3n a los j\u00f3venes michoacanos, por supuesto potenciando las capacidades y ampliando las oportunidades de desarrollo en \u00e1reas como salud, trabajo y crecimiento social, entre otras.<\/p>\n<p>Subray\u00f3 que la legalidad es un componente indispensable en la vida de toda sociedad democr\u00e1tica, por lo que impulsar esta cultura, agreg\u00f3, garantiza a los michoacanos una convivencia sana y pac\u00edfica.<\/p>\n<p>La instrumentaci\u00f3n de ese programa se debi\u00f3 a la alianza entre la Fundaci\u00f3n Ciudadana para el Desarrollo Integral de Michoac\u00e1n (Fucidim), la Organizaci\u00f3n M\u00e9xico Unido contra la Delincuencia, y el gobierno del estado a trav\u00e9s de la Sejoven, y se desarroll\u00f3 en nueve municipios.<\/p>\n<p>Espino Sandoval destac\u00f3 que el gobierno de Salvador Jara Guerrero le ha apostado, principalmente, a fortalecer el marco de la legalidad a trav\u00e9s de pol\u00edticas p\u00fablicas eficientes y eficaces que beneficien a todos los michoacanos, pero, espec\u00edficamente, al sector juvenil que ha pasado a ser un segmento vulnerable dentro del desarrollo de la sociedad.<\/p>\n<p>Teresa Troncoso Mu\u00f1oz, al dar a conocer los resultados del programa \u201cL\u00edderes juveniles promoviendo la cultura de la legalidad\u201d, explic\u00f3 que en ese esquema participaron 375 j\u00f3venes de nueve municipios y se presentaron 55 proyectos que, entre otros, abordaron temas como cohesi\u00f3n social, prevenci\u00f3n de la violencia, recuperaci\u00f3n de espacios p\u00fablicos, mejorar la convivencia escolar y comunitaria, y promover y respetar los derechos humanos.<\/p>\n<p>En el evento y luego de que Roberto Ram\u00edrez Delgado, presidente de Fucidim, diera la bienvenida a los asistentes, se entregaron reconocimientos a j\u00f3venes ganadores del programa referido.<\/p>\n","protected":false},"excerpt":{"rendered":"<p>La actual administraci\u00f3n estatal apuesta por el fortalecimiento del marco de la legalidad para beneficio de los michoacanos, pero particularmente a la juventud que ha pasado a ser un segmento vulnerable en el desarrollo de la sociedad, afirm\u00f3 Ana Brasilia Espino Sandoval, Sejoven. <\/p>\n","protected":false},"author":1,"featured_media":16943,"comment_status":"open","ping_status":"open","sticky":false,"template":"","format":"standard","meta":{"footnotes":""},"categories":[14,3],"tags":[],"class_list":["post-16941","post","type-post","status-publish","format-standard","has-post-thumbnail","hentry","category-destacadas","category-gobierno-del-estado-de-michoacan"],"_links":{"self":[{"href":"https:\/\/radiowebmx.com\/nota\/wp-json\/wp\/v2\/posts\/16941","targetHints":{"allow":["GET"]}}],"collection":[{"href":"https:\/\/radiowebmx.com\/nota\/wp-json\/wp\/v2\/posts"}],"about":[{"href":"https:\/\/radiowebmx.com\/nota\/wp-json\/wp\/v2\/types\/post"}],"author":[{"embeddable":true,"href":"https:\/\/radiowebmx.com\/nota\/wp-json\/wp\/v2\/users\/1"}],"replies":[{"embeddable":true,"href":"https:\/\/radiowebmx.com\/nota\/wp-json\/wp\/v2\/comments?post=16941"}],"version-history":[{"count":1,"href":"https:\/\/radiowebmx.com\/nota\/wp-json\/wp\/v2\/posts\/16941\/revisions"}],"predecessor-version":[{"id":16944,"href":"https:\/\/radiowebmx.com\/nota\/wp-json\/wp\/v2\/posts\/16941\/revisions\/16944"}],"wp:featuredmedia":[{"embeddable":true,"href":"https:\/\/radiowebmx.com\/nota\/wp-json\/wp\/v2\/media\/16943"}],"wp:attachment":[{"href":"https:\/\/radiowebmx.com\/nota\/wp-json\/wp\/v2\/media?parent=16941"}],"wp:term":[{"taxonomy":"category","embeddable":true,"href":"https:\/\/radiowebmx.com\/nota\/wp-json\/wp\/v2\/categories?post=16941"},{"taxonomy":"post_tag","embeddable":true,"href":"https:\/\/radiowebmx.com\/nota\/wp-json\/wp\/v2\/tags?post=16941"}],"curies":[{"name":"wp","href":"https:\/\/api.w.org\/{rel}","templated":true}]}}