{"id":16933,"date":"2015-07-29T10:28:17","date_gmt":"2015-07-29T15:28:17","guid":{"rendered":"https:\/\/radiowebmx.com\/nota\/?p=16933"},"modified":"2015-07-29T10:28:17","modified_gmt":"2015-07-29T15:28:17","slug":"temas-de-cafe-342","status":"publish","type":"post","link":"https:\/\/radiowebmx.com\/nota\/temas-de-cafe-342\/","title":{"rendered":"TEMAS DE CAF\u00c9"},"content":{"rendered":"<ul>\n<li><a href=\"https:\/\/radiowebmx.com\/nota\/wp-content\/uploads\/2013\/06\/temas-de-cafe.jpg\"><img loading=\"lazy\" decoding=\"async\" class=\"alignleft size-full wp-image-2805\" alt=\"temas de cafe\" src=\"https:\/\/radiowebmx.com\/nota\/wp-content\/uploads\/2013\/06\/temas-de-cafe.jpg\" width=\"295\" height=\"171\" \/><\/a>\u00bfLEALTADES O CAPACIDADES?<\/li>\n<li>GODOYISTAS Y CARDENISTAS<\/li>\n<li>\u00bfALFOMBRA ROJA PARA AMLO?<\/li>\n<li>\u00bfAUTODEFENSAS?: NECESARIAS<\/li>\n<\/ul>\n<p>Los sue\u00f1os a veces son utop\u00edas, porqu\u00e9 qu\u00e9 mejor que no se necesitaran las autodefensas, ni la polic\u00eda comunitaria, significar\u00eda que\u00a0 en Michoac\u00e1n todo estar\u00eda perfecto, pero no, lo cierto es que la inseguridad sigue, no con la misma intensidad que antes, pero se mantiene por eso quienes afirman que en Michoac\u00e1n, ya no hay grupos delictivos organizados, se equivocan y favorecen a estos grupos, porque de esta manera nadie los persigue, y pueden trabajar a su antojo, y desde luego que no, consideramos por lo que leemos todos los d\u00edas en los medios, que las autodefensas y la polic\u00eda comunitaria son necesarias, porque si\u00a0 usted recuerda sus integrantes, son quienes realmente limpiaron de delincuencia organizada al estado, tanto el Ej\u00e9rcito y la Marina como la Polic\u00eda Federal, ayudaron pero quienes conoc\u00edan a los delincuentes y sus guaridas, fueron los diferentes grupos de autodefensas. Honor a quien\u00a0 honor merece.<\/p>\n<p>LOS DELINCUENTES SE RE\u00cdAN DE LOS MILITARES<\/p>\n<p>Cuando inici\u00f3 la guerra contra la delincuencia organizada, en Michoac\u00e1n los delincuentes pod\u00edan pasar frente al ej\u00e9rcito, la marina y \u00a0la polic\u00eda federal y no pasaba nada, porque no los conoc\u00edan, y la gente comentaba, \u00bfporqu\u00e9 no los detienen?, simplemente porque no los conoc\u00edan porque si\u00a0 se vest\u00edan, como toda la gente se mimetizaban, y listo no pasaba nada. Porque el ej\u00e9rcito y\u00a0 la marina as\u00ed como la polic\u00eda federal, est\u00e1n uniformados y los delincuentes no.<\/p>\n<p>Justo fue cuando empezaron los apoyos institucionales, a la autodefensas y a los comunitarios, cuando empezaron a caer los delincuentes, primero los peque\u00f1os y posteriormente los grandes, hasta que si usted recuerda quienes hicieron el trabajo rudo, fue Jos\u00e9 Manuel Mireles, Hip\u00f3lito Mora y Pap\u00e1 Pitufo, quienes se convirtieron en los h\u00e9roes medi\u00e1ticos, que opacaron siempre al comisionado Alfredo Castillo, quien primero los utiliz\u00f3 y despu\u00e9s, intent\u00f3 deshacerse de ellos, porque lo opacaban y por celos los meti\u00f3 a prisi\u00f3n. A\u00fan mantiene a Mireles porque amenaz\u00f3 con seguir la lucha, por la seguridad\u00a0 una buena\u00a0 parte de la Tierra Caliente.<\/p>\n<p>UN ESTADO DEBIL NECESITA AUTODEFENSAS<\/p>\n<p>Hip\u00f3lito Mora dos veces ha estado en prisi\u00f3n, y ha salido ahora hace d\u00edas ingres\u00f3 Seme\u00ed Verd\u00eda quien sali\u00f3 ayer, por la intervenci\u00f3n de su abogado Ignacio Mendoza quien conoce bien, todo lo relacionado con esto a tal grado, que creemos que si la defensa de Jos\u00e9 Manuel Mireles, se le encarga igual lograr\u00eda liberarlo en cuesti\u00f3n de d\u00edas, pero desde luego\u00a0 en estos de la litigada, hay de abogados a abogados, no todos inteligentes y saben los entresijos de la justicia.<\/p>\n<p>SILVANO, ENTRE LAS LEALTADES Y CAPACIDADES<\/p>\n<p>Ya les hemos comentado que para Silvano, ganar fue m\u00e1s f\u00e1cil que integrar su gabinete, por varias razones primero por los compromisos que hizo, segundo por las expectativas que cre\u00f3, y no tiene una varita m\u00e1gica, cierto hasta ahora ha hecho lo correcto, se ha reunido con el presidente Pe\u00f1a Nieto, con los hombres del poder pol\u00edtico y econ\u00f3mico, bien el frente legislativo que intenta crear, para buscar el tan ansiado rescate financiero, hasta la creaci\u00f3n del consejo de notables con los ex gobernadores.<\/p>\n<p>Aunque muchos\u00a0 ex gobernadores no gozan de la simpat\u00edas, de todos los michoacanos, porque no son moneditas de oro, pero cada uno de ellos tiene mucho que aportar, por eso es bueno que Silvano los tome en cuenta, para formar este grupo de notables,\u00a0 a quienes solicitar\u00e1 consejo cuando sea necesario, pero ahora viene el momento de integrar si gabinete, y hay personas insanas que lo limitan, y afirman que prometi\u00f3 no llevara a su gabinete a godoyistas y batelistas, si lo dijo cometi\u00f3 un error, pero lo puede subsanar.<\/p>\n<p>NO IMPORTA CON QUIEN COLABORARON, SI SON APTOS<\/p>\n<p>No importa con qui\u00e9n hayan colaborado, lo que cuenta es lo que hicieron, si cometieron delitos imposible, pero si ofrecieron buenos resultados, no se puede desaprovechar la experiencia y capacidad, porque cuesta mucho crear y formar cuadros administrativos, ese ha sido el tal\u00f3n de\u00a0 Aquiles de las administraciones perredistas, que\u00a0 habilitaron \u00a0a varios activistas para la administraci\u00f3n p\u00fablica.<\/p>\n<p>Hay gente que descalifica a las personas, porque colaboraron con L\u00e1zaro C\u00e1rdenas Batel y Leonel Godoy, tal es el caso de Carlos Mandujano Junior, quien olvida que desde su pap\u00e1 fue colaborador de L\u00e1zaro, y de Leonel as\u00ed como su hermana Zaira, su hermano Mauricio y \u00e9l mismo, asesor de Leonel con salario de 50 mil pesos al mes, y hasta Leonel lo rega\u00f1aba porque solamente cobraba, y debemos recordar que tanto Pascual Sigala como Adri\u00e1n L\u00f3pez, colaboraron con Leonel y con L\u00e1zaro.<\/p>\n<p>HUMBERTO ADAME, SILVIA FIGUEROA Y RICARDO LUNA<\/p>\n<p>Descalificar a las personas solamente, porque colaboraron con L\u00e1zaro o con Leonel, es cometer grandes errores porque Silvano colabor\u00f3, en la administraci\u00f3n de L\u00e1zaro C\u00e1rdenas, fue titular de la Sedru, Silvia Figueroa fue rectora de la Universidad Michoacana, pero apoyada totalmente por Leonel Godoy, quien deb\u00eda favores a Genovevo Figueroa, como la notar\u00eda que tuvo en sus manos por alg\u00fan tiempo, en fin Ricardo Luna fue subsecretario en la Sedru, igual que Pascual Sigala entonces son torpes, estas descalificaciones ahora que si tiene observaciones, ni modo,\u00a0 los papelitos hablan.<\/p>\n<p>ANTONIO GARCIA IR\u00cdA A LA SECRETARIA DEL PRD<\/p>\n<p>Una vez que Pascual Sigala dej\u00f3 la secretar\u00eda general del PRD, para pasar a convertirse en coordinador de la bancada perredista, todo indica que sucesor ser\u00e1 Antonio Garc\u00eda, quien ocupar\u00eda la secretar\u00eda general, con lo cual se corrige un entuerto que de haberse logrado, hubiera empa\u00f1ado el triunfo de Silvano, porque Antonio es suplente de Pascual, y si este le hubiera dejado la diputaci\u00f3n, terrible para Pascual y la imagen de Silvano, pero as\u00ed no hay mucho problema, a la secretar\u00eda del PRD, es bueno y se paga. Es m\u00e1s no se ver\u00eda mal que Torres Pi\u00f1a fuera a una dependencia estatal, o federal y Antonio quedara como titular en el PRD.<\/p>\n<p>ALFOMBRA ROJA PARA AMLO Y LO ECHA A PERDER<\/p>\n<p>Es incre\u00edble\u00a0 la capacidad que tiene Amlo, para inmolarse porque cuando el gobierno de Pe\u00f1a Nieto, le pone la alfombra roja para que llegue a la presidencia de M\u00e9xico, Amlo lo echa a perder con su apoyo y llamado a la CNTE, para que unan sus esfuerzos \u00a0hasta se pone de rog\u00f3n, cuando despu\u00e9s de desairarlo afirma que ir\u00e1, por los maestro no por los dirigentes, porque lo que\u00a0 quiere AMLO es gente, para ganar como d\u00e9 lugar la presidencia.<\/p>\n<p>Pe\u00f1a Nieto ha quemado pr\u00e1cticamente a sus mejores\u00a0 alfiles, tanto Osorio Chong como Luis Videgaray han fracasado rotundamente, en sus encomiendas, Osorio en cuanto a la estabilidad social en el pa\u00eds, la inseguridad le ha ganado totalmente y el descaro total, despu\u00e9s de la fuga del Chapo todo sigue igual, no ha pasado nada, hasta parece que est\u00e1n contentos en vez de preocuparse, mientras que Luis Videgaray ha demolido al peso, la econom\u00eda en crisis, el crecimiento baj\u00edsimo, de hecho solamente le queda Aurelio Nu\u00f1o, el ni\u00f1o mimado que ha demostrado estar m\u00e1s verde, que el color de la bandera nacional.<\/p>\n<p>SAN JUAN NUEVO, TIENE POTENCIAL TURISTICO<\/p>\n<p>La historia de San Juan Nuevo Parangaricutiro es interesante, no solamente significa aguacates y madera y paisajes, sino que tiene grandes atractivos para el turismo, adem\u00e1s es zona de recarga de los mantos acu\u00edferos, su atractivo cultural precolombino y sobre todo, el volc\u00e1n el m\u00e1s joven de M\u00e9xico, el Paricut\u00edn el cual surgi\u00f3 el 20 de febrero a las 16 horas de 1943, y en formas constante emite material incandescente, hasta 1949 y en 1952 termina su actividad volc\u00e1nica.<\/p>\n<p>La lava del volc\u00e1n destruy\u00f3 el pueblo de Parangaricutiro, solamente quedaron como mudos testigos las torres del templo, pero Parangaricutiro fue fundado entre 1530 y 1535 por el franciscano Fray Juan de San Miguel, y as\u00ed el municipio fue desparecido por\u00a0 decreto, el 7 de agosto de 1944 porque el volc\u00e1n lo borr\u00f3 del mapa,\u00a0 pero posteriormente se le restituy\u00f3 el nombramiento 8 de agosto de 1950, y as\u00ed renace con el nombre de San Juan Nuevo Parangaricutiro, el cual reiteramos cuenta con grandes atractivos, gastron\u00f3micos, hist\u00f3ricos y la visita al volc\u00e1n la cual es un de un gran atractivo.<\/p>\n","protected":false},"excerpt":{"rendered":"<p>\u2022\t\u00bfLEALTADES O CAPACIDADES?<br \/>\n\u2022\tGODOYISTAS Y CARDENISTAS<br \/>\n\u2022\t\u00bfALFOMBRA ROJA PARA AMLO?<br \/>\n\u2022\t\u00bfAUTODEFENSAS?: NECESARIAS<\/p>\n","protected":false},"author":1,"featured_media":0,"comment_status":"open","ping_status":"open","sticky":false,"template":"","format":"standard","meta":{"footnotes":""},"categories":[4,14,10],"tags":[],"class_list":["post-16933","post","type-post","status-publish","format-standard","hentry","category-columnistas","category-destacadas","category-juan-manuel-belmonte"],"_links":{"self":[{"href":"https:\/\/radiowebmx.com\/nota\/wp-json\/wp\/v2\/posts\/16933","targetHints":{"allow":["GET"]}}],"collection":[{"href":"https:\/\/radiowebmx.com\/nota\/wp-json\/wp\/v2\/posts"}],"about":[{"href":"https:\/\/radiowebmx.com\/nota\/wp-json\/wp\/v2\/types\/post"}],"author":[{"embeddable":true,"href":"https:\/\/radiowebmx.com\/nota\/wp-json\/wp\/v2\/users\/1"}],"replies":[{"embeddable":true,"href":"https:\/\/radiowebmx.com\/nota\/wp-json\/wp\/v2\/comments?post=16933"}],"version-history":[{"count":1,"href":"https:\/\/radiowebmx.com\/nota\/wp-json\/wp\/v2\/posts\/16933\/revisions"}],"predecessor-version":[{"id":16934,"href":"https:\/\/radiowebmx.com\/nota\/wp-json\/wp\/v2\/posts\/16933\/revisions\/16934"}],"wp:attachment":[{"href":"https:\/\/radiowebmx.com\/nota\/wp-json\/wp\/v2\/media?parent=16933"}],"wp:term":[{"taxonomy":"category","embeddable":true,"href":"https:\/\/radiowebmx.com\/nota\/wp-json\/wp\/v2\/categories?post=16933"},{"taxonomy":"post_tag","embeddable":true,"href":"https:\/\/radiowebmx.com\/nota\/wp-json\/wp\/v2\/tags?post=16933"}],"curies":[{"name":"wp","href":"https:\/\/api.w.org\/{rel}","templated":true}]}}