{"id":16929,"date":"2015-07-28T14:03:52","date_gmt":"2015-07-28T19:03:52","guid":{"rendered":"https:\/\/radiowebmx.com\/nota\/?p=16929"},"modified":"2015-07-28T14:03:52","modified_gmt":"2015-07-28T19:03:52","slug":"imde-clausuro-actividades-de-verano-de-deporte-adaptado","status":"publish","type":"post","link":"https:\/\/radiowebmx.com\/nota\/imde-clausuro-actividades-de-verano-de-deporte-adaptado\/","title":{"rendered":"IMDE clausur\u00f3 actividades de verano de deporte adaptado"},"content":{"rendered":"<p>El Ayuntamiento de Morelia clausur\u00f3 oficialmente el curso \u201cActividades de Verano de Deporte Adaptado\u201d, que realiz\u00f3 en coordinaci\u00f3n con el Comit\u00e9 Ol\u00edmpico Mexicano (COM), a fin de detectar nuevos talentos entre los 50 infantes, con y sin discapacidad, que participaron en las disciplinas de atletismo, nataci\u00f3n, futbol, tenis de mesa y basquetbol.<\/p>\n<p>&nbsp;<\/p>\n<p>El programa deportivo vacacional tuvo una duraci\u00f3n de dos semanas y se imparti\u00f3 de forma gratuita en el Complejo Deportivo Bicentenario, tanto en horario matutino como vespertino, por los entrenadores de deportistas especiales Jessica Moreno, Guillermo y Fernando Murillo, adem\u00e1s de \u00c1ngel Castro.<\/p>\n<p>&nbsp;<\/p>\n<p>La tarde de este lunes, durante el acto de cierre oficial, el director del Sistema para el Desarrollo Integral de la Familia de Morelia (DIF), Santiago Tapia, expres\u00f3: \u201cCon su ejemplo queda m\u00e1s que claro que la vida est\u00e1 llena de valores y principios, con los cuales el tiempo se transforma en oportunidad. Ustedes son el inicio del cambio, esa necesidad que tenemos como sociedad de ser incluyentes, de generar las mismas oportunidades para todos\u201d.<\/p>\n<p>&nbsp;<\/p>\n<p>En el curso participaron 30 ni\u00f1os con padecimientos como par\u00e1lisis cerebral, discapacidad intelectual, adem\u00e1s de especiales y sobre silla de ruedas, quienes tuvieron la oportunidad de compartir su experiencia con familiares, como hermanos o primos, para generar una convivencia igualitaria, por lo cual el n\u00famero de infantes aumento a 50.<\/p>\n<p>&nbsp;<\/p>\n<p>El objetivo fue acercar al deporte a ni\u00f1os y j\u00f3venes con alguna discapacidad, a trav\u00e9s de din\u00e1micas pedag\u00f3gicas y f\u00edsicas, que permitieron detectar talentos para representar a Michoac\u00e1n en futuros eventos nacionales e internacionales.<\/p>\n<p>&nbsp;<\/p>\n<p>En consecuencia, Wilbert Lenin, originario de\u00a0 Zacapu, adem\u00e1s de los morelianos Hiram Abid, Luc\u00eda D\u00edaz y Eza\u00fa Mart\u00ednez, fueron seleccionados para asistir en calidad de observadores al Comit\u00e9 Ol\u00edmpico Mexicano (COM),\u00a0 donde observar\u00e1n de cerca concentraciones nacionales y compartir\u00e1n experiencias con atletas de alto rendimiento.<\/p>\n<p>&nbsp;<\/p>\n<p>Finalmente, la titular de la oficina de Deporte Adaptado del Instituto Municipal de Cultura F\u00edsica y Deporte (IMDE), Guadalupe Rojas, se manifest\u00f3 a favor de repetir este ciclo en a\u00f1os futuros, para estimular a un mayor n\u00famero de personas a desarrollarse por medio de la activaci\u00f3n deportiva: \u201cLa expectativa se cumpli\u00f3, con el paso de los d\u00edas se integraron m\u00e1s ni\u00f1os y creemos que eso va a ayudar mucho a las familias\u201d, concluy\u00f3.<\/p>\n","protected":false},"excerpt":{"rendered":"<p>El Ayuntamiento de Morelia clausur\u00f3 oficialmente el curso \u201cActividades de Verano de Deporte Adaptado\u201d, que realiz\u00f3 en coordinaci\u00f3n con el COM, a fin de detectar nuevos talentos entre los 50 infantes, con y sin discapacidad, que participaron en las disciplinas de atletismo, nataci\u00f3n, futbol, tenis de mesa y basquetbol.<\/p>\n","protected":false},"author":1,"featured_media":16930,"comment_status":"open","ping_status":"open","sticky":false,"template":"","format":"standard","meta":{"footnotes":""},"categories":[14,9],"tags":[],"class_list":["post-16929","post","type-post","status-publish","format-standard","has-post-thumbnail","hentry","category-destacadas","category-morelia"],"_links":{"self":[{"href":"https:\/\/radiowebmx.com\/nota\/wp-json\/wp\/v2\/posts\/16929","targetHints":{"allow":["GET"]}}],"collection":[{"href":"https:\/\/radiowebmx.com\/nota\/wp-json\/wp\/v2\/posts"}],"about":[{"href":"https:\/\/radiowebmx.com\/nota\/wp-json\/wp\/v2\/types\/post"}],"author":[{"embeddable":true,"href":"https:\/\/radiowebmx.com\/nota\/wp-json\/wp\/v2\/users\/1"}],"replies":[{"embeddable":true,"href":"https:\/\/radiowebmx.com\/nota\/wp-json\/wp\/v2\/comments?post=16929"}],"version-history":[{"count":1,"href":"https:\/\/radiowebmx.com\/nota\/wp-json\/wp\/v2\/posts\/16929\/revisions"}],"predecessor-version":[{"id":16931,"href":"https:\/\/radiowebmx.com\/nota\/wp-json\/wp\/v2\/posts\/16929\/revisions\/16931"}],"wp:featuredmedia":[{"embeddable":true,"href":"https:\/\/radiowebmx.com\/nota\/wp-json\/wp\/v2\/media\/16930"}],"wp:attachment":[{"href":"https:\/\/radiowebmx.com\/nota\/wp-json\/wp\/v2\/media?parent=16929"}],"wp:term":[{"taxonomy":"category","embeddable":true,"href":"https:\/\/radiowebmx.com\/nota\/wp-json\/wp\/v2\/categories?post=16929"},{"taxonomy":"post_tag","embeddable":true,"href":"https:\/\/radiowebmx.com\/nota\/wp-json\/wp\/v2\/tags?post=16929"}],"curies":[{"name":"wp","href":"https:\/\/api.w.org\/{rel}","templated":true}]}}