{"id":16926,"date":"2015-07-28T14:01:59","date_gmt":"2015-07-28T19:01:59","guid":{"rendered":"https:\/\/radiowebmx.com\/nota\/?p=16926"},"modified":"2015-07-28T14:01:59","modified_gmt":"2015-07-28T19:01:59","slug":"colocan-primera-piedra-de-sentura-centro-comercial-zamora","status":"publish","type":"post","link":"https:\/\/radiowebmx.com\/nota\/colocan-primera-piedra-de-sentura-centro-comercial-zamora\/","title":{"rendered":"COLOCAN PRIMERA PIEDRA DE \u201cSENTURA\u201d CENTRO COMERCIAL ZAMORA"},"content":{"rendered":"<p>En representaci\u00f3n de Salvador Jara Guerrero, gobernador del Estado de Michoac\u00e1n, el secretario de Desarrollo Econ\u00f3mico, Luis G\u00e1lvez Ant\u00fanez, asisti\u00f3 a la colocaci\u00f3n de la primera piedra de \u201cSentura\u201d Centro Comercial Zamora.<\/p>\n<p>En su intervenci\u00f3n, Luis G\u00e1lvez expres\u00f3 que Michoac\u00e1n es una apuesta segura para invertir, Michoac\u00e1n es un estado rico por su gente, su gastronom\u00eda, su cultura, sus zonas tur\u00edsticas y adem\u00e1s es l\u00edder nacional en producci\u00f3n agr\u00edcola. Por todo ello, \u201cquiero agradecer y reconocer a inversionistas y dem\u00e1s actores involucrados en el presente proyecto, por la confianza que han mostrado en Zamora y en Michoac\u00e1n, les\u00a0 aseguro que se ver\u00e1n\u00a0 beneficiados por la buena decisi\u00f3n tomada\u201d, dijo.<\/p>\n<p>Igualmente se\u00f1al\u00f3 que los gobiernos deben de catalizar y alentar el progreso, y el desarrollo, esto a fin de que se pueda contar con inversiones que generen oportunidades de empleo, y \u201cde la mano con la sociedad y con los empresarios, debemos preocuparnos por generar mejores condiciones y entornos que realmente favorezcan la inversi\u00f3n y que detonen en el desarrollo econ\u00f3mico y social\u201d. Asimismo dijo que los recursos p\u00fablicos son cada vez m\u00e1s escasos y para garantizar su correcta aplicaci\u00f3n deben ser ejercidos con total transparencia.<\/p>\n<p>Por su parte Rosa Hilda Abascal Rodr\u00edguez, presidenta municipal de Zamora, resalt\u00f3 que esta inversi\u00f3n genera empleos e impulsa el desarrollo econ\u00f3mico. Adem\u00e1s auguro mucho \u00e9xito y trabajo para los zamoranos.<\/p>\n<p>En el evento estuvieron presente Mois\u00e9s Solana Blanco, director de Inteligencia Urbana; Jos\u00e9 Carlos Lugo God\u00ednez, alcalde electo de Zamora; Juan Carlos Guti\u00e9rrez Chavolla, Regidor de Desarrollo Econ\u00f3mico y Agropecuario, por mencionar algunos.<\/p>\n<p>Sentura Centro Comercial Zamora, representa una inversi\u00f3n directa de m\u00e1s de 800 millones de pesos, y generar\u00e1 cerca de 2 mil empleos directos e indirectos.\u00a0 Contar\u00e1 con una serie de servicios, como la instalaci\u00f3n de un nuevo hotel en la ciudad, con modernas instalaciones. Tambi\u00e9n, esta plaza contar\u00e1 con salas de cines, tiendas de primer nivel, servicios bancarios, restaurantes, y decenas de locales, esperando que los comerciantes puedan disponer de ellos para sus negocios o en su caso abrir nuevos espacios a inversionistas locales.<\/p>\n<p>Se estima que este proyecto generar\u00e1 una derrama econ\u00f3mica importante. De la regi\u00f3n, se espera que visiten este centro comercial habitantes de los municipios de \u00a0Vista Hermosa, Jacona, Ixtl\u00e1n, Chavinda, Santiago Tangamandapio, Ecuandureo, Chilchota, Tanganc\u00edcuaro, La Piedad, Los Reyes, Sahuayo, Jiquilpan y La Barca, entre otros.<\/p>\n","protected":false},"excerpt":{"rendered":"<p>En representaci\u00f3n de Salvador Jara Guerrero, gobernador del Estado de Michoac\u00e1n, el secretario de Desarrollo Econ\u00f3mico, Luis G\u00e1lvez Ant\u00fanez, asisti\u00f3 a la colocaci\u00f3n de la primera piedra de \u201cSentura\u201d Centro Comercial Zamora.<\/p>\n","protected":false},"author":1,"featured_media":16927,"comment_status":"open","ping_status":"open","sticky":false,"template":"","format":"standard","meta":{"footnotes":""},"categories":[14,3],"tags":[],"class_list":["post-16926","post","type-post","status-publish","format-standard","has-post-thumbnail","hentry","category-destacadas","category-gobierno-del-estado-de-michoacan"],"_links":{"self":[{"href":"https:\/\/radiowebmx.com\/nota\/wp-json\/wp\/v2\/posts\/16926","targetHints":{"allow":["GET"]}}],"collection":[{"href":"https:\/\/radiowebmx.com\/nota\/wp-json\/wp\/v2\/posts"}],"about":[{"href":"https:\/\/radiowebmx.com\/nota\/wp-json\/wp\/v2\/types\/post"}],"author":[{"embeddable":true,"href":"https:\/\/radiowebmx.com\/nota\/wp-json\/wp\/v2\/users\/1"}],"replies":[{"embeddable":true,"href":"https:\/\/radiowebmx.com\/nota\/wp-json\/wp\/v2\/comments?post=16926"}],"version-history":[{"count":1,"href":"https:\/\/radiowebmx.com\/nota\/wp-json\/wp\/v2\/posts\/16926\/revisions"}],"predecessor-version":[{"id":16928,"href":"https:\/\/radiowebmx.com\/nota\/wp-json\/wp\/v2\/posts\/16926\/revisions\/16928"}],"wp:featuredmedia":[{"embeddable":true,"href":"https:\/\/radiowebmx.com\/nota\/wp-json\/wp\/v2\/media\/16927"}],"wp:attachment":[{"href":"https:\/\/radiowebmx.com\/nota\/wp-json\/wp\/v2\/media?parent=16926"}],"wp:term":[{"taxonomy":"category","embeddable":true,"href":"https:\/\/radiowebmx.com\/nota\/wp-json\/wp\/v2\/categories?post=16926"},{"taxonomy":"post_tag","embeddable":true,"href":"https:\/\/radiowebmx.com\/nota\/wp-json\/wp\/v2\/tags?post=16926"}],"curies":[{"name":"wp","href":"https:\/\/api.w.org\/{rel}","templated":true}]}}