{"id":16920,"date":"2015-07-28T13:55:19","date_gmt":"2015-07-28T18:55:19","guid":{"rendered":"https:\/\/radiowebmx.com\/nota\/?p=16920"},"modified":"2015-07-28T13:55:19","modified_gmt":"2015-07-28T18:55:19","slug":"la-suma-de-voluntades-es-generadora-de-riqueza-abud","status":"publish","type":"post","link":"https:\/\/radiowebmx.com\/nota\/la-suma-de-voluntades-es-generadora-de-riqueza-abud\/","title":{"rendered":"La Suma de Voluntades es generadora de riqueza: Abud"},"content":{"rendered":"<p><span style=\"font-family: arial, helvetica, sans-serif;\"><span style=\"font-size: large;\">La Suma de Voluntades de los tres niveles de gobierno puede convertir en realidad el sue\u00f1o de muchos mexicanos, transformar su entorno y generar riqueza, se\u00f1al\u00f3 el alcalde de Morelia, Salvador Abud Mirabent, al dar la bienvenida a los michoacanos que recibieron apoyos econ\u00f3micos del programa federal de Coinversi\u00f3n Social.<\/span><\/span><\/p>\n<p><span style=\"font-family: arial, helvetica, sans-serif; font-size: large;\">\u00a0<\/span><\/p>\n<p><span style=\"font-family: arial, helvetica, sans-serif;\"><span style=\"font-size: large;\">Instalados en el Sal\u00f3n Charo de Casa de Gobierno, representantes de 25 organizaciones de la sociedad civil recibieron un total de 6 millones 985 mil 105 pesos, para la ejecuci\u00f3n de proyectos de desarrollo integral, alimentaci\u00f3n, cohesi\u00f3n e inclusi\u00f3n, as\u00ed como de igualdad y g\u00e9nero.<\/span><\/span><\/p>\n<p><span style=\"font-family: arial, helvetica, sans-serif; font-size: large;\">\u00a0<\/span><\/p>\n<p><span style=\"font-family: arial, helvetica, sans-serif;\"><span style=\"font-size: large;\">El edil felicit\u00f3 a los beneficiarios por la iniciativa que tuvieron de participar, motivada por sus ganas de salir adelante y convertirse en generadores\u00a0\u00a0de oportunidades y empleo, aprovechando el apoyo de la Federaci\u00f3n, a trav\u00e9s del Instituto Nacional de Desarrollo Social (Indesol).<\/span><\/span><\/p>\n<p><span style=\"font-family: arial, helvetica, sans-serif; font-size: large;\">\u00a0<\/span><\/p>\n<p><span style=\"font-family: arial, helvetica, sans-serif;\"><span style=\"font-size: large;\">Los 25 proyectos, pertenecientes a organizaciones civiles de Morelia, Huetamo, Ciudad Hidalgo, Yur\u00e9cuaro y Zit\u00e1cuaro, cumplieron con los procesos de validaci\u00f3n del Programa de Coinversi\u00f3n Social 2015.<\/span><\/span><\/p>\n<p><span style=\"font-family: arial, helvetica, sans-serif; font-size: large;\">\u00a0<\/span><\/p>\n<p><span style=\"font-family: arial, helvetica, sans-serif;\"><span style=\"font-size: large;\">Participaron en la entrega de apoyos, el delegado de la Sedesol en Michoac\u00e1n, V\u00edctor Manuel Tapia Casta\u00f1eda; Mar\u00eda Ang\u00e9lica Luna y Parra, titular del Indesol; Mar\u00eda Eugenia Murillo Figueroa, presidenta del Consejo Consultivo del Sistema Estatal de Desarrollo Social de Michoac\u00e1n, entre otros funcionarios.<\/span><\/span><\/p>\n","protected":false},"excerpt":{"rendered":"<p>La Suma de Voluntades de los tres niveles de gobierno puede convertir en realidad el sue\u00f1o de muchos mexicanos, transformar su entorno y generar riqueza, se\u00f1al\u00f3 el alcalde de Morelia, SAM, al dar la bienvenida a los michoacanos que recibieron apoyos econ\u00f3micos del programa federal de Coinversi\u00f3n Social.<\/p>\n","protected":false},"author":1,"featured_media":16921,"comment_status":"open","ping_status":"open","sticky":false,"template":"","format":"standard","meta":{"footnotes":""},"categories":[14,9],"tags":[],"class_list":["post-16920","post","type-post","status-publish","format-standard","has-post-thumbnail","hentry","category-destacadas","category-morelia"],"_links":{"self":[{"href":"https:\/\/radiowebmx.com\/nota\/wp-json\/wp\/v2\/posts\/16920","targetHints":{"allow":["GET"]}}],"collection":[{"href":"https:\/\/radiowebmx.com\/nota\/wp-json\/wp\/v2\/posts"}],"about":[{"href":"https:\/\/radiowebmx.com\/nota\/wp-json\/wp\/v2\/types\/post"}],"author":[{"embeddable":true,"href":"https:\/\/radiowebmx.com\/nota\/wp-json\/wp\/v2\/users\/1"}],"replies":[{"embeddable":true,"href":"https:\/\/radiowebmx.com\/nota\/wp-json\/wp\/v2\/comments?post=16920"}],"version-history":[{"count":1,"href":"https:\/\/radiowebmx.com\/nota\/wp-json\/wp\/v2\/posts\/16920\/revisions"}],"predecessor-version":[{"id":16922,"href":"https:\/\/radiowebmx.com\/nota\/wp-json\/wp\/v2\/posts\/16920\/revisions\/16922"}],"wp:featuredmedia":[{"embeddable":true,"href":"https:\/\/radiowebmx.com\/nota\/wp-json\/wp\/v2\/media\/16921"}],"wp:attachment":[{"href":"https:\/\/radiowebmx.com\/nota\/wp-json\/wp\/v2\/media?parent=16920"}],"wp:term":[{"taxonomy":"category","embeddable":true,"href":"https:\/\/radiowebmx.com\/nota\/wp-json\/wp\/v2\/categories?post=16920"},{"taxonomy":"post_tag","embeddable":true,"href":"https:\/\/radiowebmx.com\/nota\/wp-json\/wp\/v2\/tags?post=16920"}],"curies":[{"name":"wp","href":"https:\/\/api.w.org\/{rel}","templated":true}]}}