{"id":16917,"date":"2015-07-28T13:51:36","date_gmt":"2015-07-28T18:51:36","guid":{"rendered":"https:\/\/radiowebmx.com\/nota\/?p=16917"},"modified":"2015-07-28T13:51:36","modified_gmt":"2015-07-28T18:51:36","slug":"reconoce-presidente-de-la-conago-aportacion-de-salvador-jara-a-la-conferencia","status":"publish","type":"post","link":"https:\/\/radiowebmx.com\/nota\/reconoce-presidente-de-la-conago-aportacion-de-salvador-jara-a-la-conferencia\/","title":{"rendered":"RECONOCE PRESIDENTE DE LA CONAGO APORTACI\u00d3N DE SALVADOR JARA A LA CONFERENCIA"},"content":{"rendered":"<p>Como un hombre que le ha aportado mucho a la Conago y que est\u00e1 sirviendo con mucho entusiasmo y pasi\u00f3n a Michoac\u00e1n, calific\u00f3 al mandatario Salvador Jara Guerrero el presidente de la Conferencia Nacional de Gobernadores y jefe del Ejecutivo del Estado de M\u00e9xico, Eruviel \u00c1vila Villegas, durante la reuni\u00f3n de trabajo con senadores del Estado de California, Estados Unidos, as\u00ed como integrantes de la C\u00e1mara Alta del Congreso de la Uni\u00f3n.<\/p>\n<p>El gobernador de Michoac\u00e1n, Salvador Jara, en su calidad de integrante de la Conago, atestigu\u00f3 la firma de la carta de intenci\u00f3n de la presidencia de ese organismo, con el Senado de California, misma que tiene la intenci\u00f3n de fortalecer los lazos de colaboraci\u00f3n pol\u00edticos y econ\u00f3micos, al crear una plataforma que\u00a0 coadyuve con legisladores y gobernadores para la mejor toma de decisiones a favor de los migrantes y sus familias.<\/p>\n<p>Eruviel \u00c1vila manifest\u00f3 que la migraci\u00f3n no es obst\u00e1culo, sino un medio para hacer grandes a las naciones, para enriquecerlas y fortalecerlas en diversos rubros, y por ello es importante recibir a esta comitiva de senadores, porque &#8220;han visto mucho por la comunidad migrante en Estados Unidos; mientras hay voces que denostan, insultan, calumnian a los mexicanos, a los latinos en Estados Unidos, hay mujeres y hombres de bien, como ustedes, que velan realmente en los hechos por los intereses y el bienestar de la comunidad migrante en los Estados Unidos&#8221;, dijo a los congresistas.<\/p>\n<p>El titular de la Conago reconoci\u00f3 adem\u00e1s que Kevin de Le\u00f3n, presidente pro t\u00e9mpore del Senado de California y quien encabeza esta comisi\u00f3n, es el primer paisano, latino, en ser elegido para tal cargo, en m\u00e1s de 130 a\u00f1os de historia de California. Adem\u00e1s, lo felicit\u00f3 porque el pasado 7 de abril present\u00f3 el paquete de proyectos de ley denominando &#8220;Los inmigrantes dan forma a California&#8221;, que consta de 10 medidas que buscan aminorar la suspensi\u00f3n de la reforma migratoria, proteger a los inmigrantes de fraude y discriminaci\u00f3n, brindarles cobertura m\u00e9dica e integrarlos a la sociedad, iniciativa que es apoyada por senadores dem\u00f3cratas y la asamblea.<\/p>\n<p>Estuvieron presentes en esta firma de carta de intenci\u00f3n, Carlos Manuel Sada Solana, c\u00f3nsul general de M\u00e9xico en Los \u00c1ngeles, California; los senadores de la Rep\u00fablica Elena Barrera Tapia, Alejandro Encinas Rodr\u00edguez y Luis S\u00e1nchez Jim\u00e9nez; el diputado Luis Alfonso Arana Castro, presidente de la Junta de Coordinaci\u00f3n Pol\u00edtica del Congreso del Estado de M\u00e9xico; Jos\u00e9 Manzur Quiroga, secretario de Gobierno mexiquense; Rolando Garc\u00eda Mart\u00ednez, secretario t\u00e9cnico de la Conago, y la presidenta del DIF Michoac\u00e1n, Catherine Ettinger de Jara, por mencionar algunos.<\/p>\n","protected":false},"excerpt":{"rendered":"<p>Como un hombre que le ha aportado mucho a la Conago y que est\u00e1 sirviendo con mucho entusiasmo y pasi\u00f3n a Michoac\u00e1n, calific\u00f3 al mandatario Salvador Jara Guerrero el presidente de la Conferencia Nacional de Gobernadores y jefe del Ejecutivo del Estado de M\u00e9xico, Eruviel \u00c1vila Villegas, <\/p>\n","protected":false},"author":1,"featured_media":16918,"comment_status":"open","ping_status":"open","sticky":false,"template":"","format":"standard","meta":{"footnotes":""},"categories":[14,3],"tags":[],"class_list":["post-16917","post","type-post","status-publish","format-standard","has-post-thumbnail","hentry","category-destacadas","category-gobierno-del-estado-de-michoacan"],"_links":{"self":[{"href":"https:\/\/radiowebmx.com\/nota\/wp-json\/wp\/v2\/posts\/16917","targetHints":{"allow":["GET"]}}],"collection":[{"href":"https:\/\/radiowebmx.com\/nota\/wp-json\/wp\/v2\/posts"}],"about":[{"href":"https:\/\/radiowebmx.com\/nota\/wp-json\/wp\/v2\/types\/post"}],"author":[{"embeddable":true,"href":"https:\/\/radiowebmx.com\/nota\/wp-json\/wp\/v2\/users\/1"}],"replies":[{"embeddable":true,"href":"https:\/\/radiowebmx.com\/nota\/wp-json\/wp\/v2\/comments?post=16917"}],"version-history":[{"count":1,"href":"https:\/\/radiowebmx.com\/nota\/wp-json\/wp\/v2\/posts\/16917\/revisions"}],"predecessor-version":[{"id":16919,"href":"https:\/\/radiowebmx.com\/nota\/wp-json\/wp\/v2\/posts\/16917\/revisions\/16919"}],"wp:featuredmedia":[{"embeddable":true,"href":"https:\/\/radiowebmx.com\/nota\/wp-json\/wp\/v2\/media\/16918"}],"wp:attachment":[{"href":"https:\/\/radiowebmx.com\/nota\/wp-json\/wp\/v2\/media?parent=16917"}],"wp:term":[{"taxonomy":"category","embeddable":true,"href":"https:\/\/radiowebmx.com\/nota\/wp-json\/wp\/v2\/categories?post=16917"},{"taxonomy":"post_tag","embeddable":true,"href":"https:\/\/radiowebmx.com\/nota\/wp-json\/wp\/v2\/tags?post=16917"}],"curies":[{"name":"wp","href":"https:\/\/api.w.org\/{rel}","templated":true}]}}