{"id":16911,"date":"2015-07-28T13:45:59","date_gmt":"2015-07-28T18:45:59","guid":{"rendered":"https:\/\/radiowebmx.com\/nota\/?p=16911"},"modified":"2015-07-28T13:45:59","modified_gmt":"2015-07-28T18:45:59","slug":"artesanos-listos-para-recibir-a-los-turistas-nacionales-e-internacionales-en-sus-ferias-y-concursos","status":"publish","type":"post","link":"https:\/\/radiowebmx.com\/nota\/artesanos-listos-para-recibir-a-los-turistas-nacionales-e-internacionales-en-sus-ferias-y-concursos\/","title":{"rendered":"ARTESANOS LISTOS PARA RECIBIR A LOS TURISTAS NACIONALES E INTERNACIONALES EN SUS FERIAS Y CONCURSOS"},"content":{"rendered":"<p>El Instituto del Artesano Michoacano\u00a0 y la Secretaria de Turismo, en coordinaci\u00f3n con las presidencias municipales de Salvador Escalante y Tingambato, dieron a conocer el programa de actividades de las Ferias y Concursos Artesanales del Mueble Rustico y del Cobre Martillado, a realizarse durante el pr\u00f3ximo mes de agosto.<\/p>\n<p>&nbsp;<\/p>\n<p>El director general del Instituto del Artesano Michoacano (IAM), Rafael Paz Vega, se\u00f1al\u00f3, que dentro del marco de la Feria del Cobre, se llevar\u00e1 a cabo el \u201cLXX Concurso del Cobre Martillado\u201d, en el que participar\u00e1n las categor\u00edas de maestros artesanos y nuevos valores, en las ramas de: jarras, floreros, centros, ollas de aro, fruteros, platos y platones, cazos, charolas y joyer\u00eda.<\/p>\n<p>&nbsp;<\/p>\n<p>Paz Vega agreg\u00f3 que se entregar\u00e1n 93 premios entre el IAM y el Fondo Nacional para el Fomento de las Artesan\u00edas (Fonart) por un monto de 540 mil pesos, donde todas las piezas participantes y ganadoras permanecer\u00e1n a la venta del 08 al 16 de agosto en el Mueso del Cobre, en Santa Clara del Cobre.<\/p>\n<p>&nbsp;<\/p>\n<p>Asimismo, destac\u00f3 que para el \u201cXXIV Concurso Artesanal de Talla de madera, Mueble y Textil bordado\u201d, en Pich\u00e1taro, se otorgar\u00e1n 30 premios en las categor\u00edas de maestros artesanos y nuevos valores, con un valor de 50 mil pesos, que se entregar\u00e1n el 06 de agosto en la plaza principal de la localidad.<\/p>\n<p>&nbsp;<\/p>\n<p>Alejandro Mendoza Olvera, presidente municipal de Salvador Escalante, invit\u00f3 a visitar del 08 al 16 de agosto la Feria de Santa Clara del Cobre, y mencion\u00f3 que a trav\u00e9s de la Secretar\u00eda de Turismo federal se logr\u00f3 bajar un recurso de 3 millones 800 mil pesos para la remodelaci\u00f3n del Museo del Cobre, mismo que reabrir\u00e1 sus puertas el d\u00eda de la inauguraci\u00f3n de la feria, y en el que los visitantes podr\u00e1n conocer todo el proceso de la elaboraci\u00f3n de las piezas de cobre.<\/p>\n<p>&nbsp;<\/p>\n<p>El edil de Salvador Escalante, se\u00f1al\u00f3 que tambi\u00e9n apoyar\u00e1n en el concurso artesanal con los premios para los j\u00f3venes y ni\u00f1os que participen, con la finalidad de motivarlos a seguir con la tradici\u00f3n de este municipio.<\/p>\n<p>&nbsp;<\/p>\n<p>Por su parte, el s\u00edndico municipal de Tingambato, Noel Nicol\u00e1s Guzm\u00e1n, hizo una invitaci\u00f3n para que asistan a la feria del \u201cMueble rustico y textil bordado\u201d en la localidad pur\u00e9pecha de Pich\u00e1taro, que se llevar\u00e1 a cabo del 4 al 7 de agosto, donde los visitantes podr\u00e1n adquirir los mejores muebles y textiles, adem\u00e1s de probar una gran variedad gastron\u00f3mica y comprar medicina tradicional elaborada por las mujeres del lugar.<\/p>\n<p>&nbsp;<\/p>\n<p>Finalmente, el secretario de Turismo, Carlos \u00c1vila Pedraza, coment\u00f3 que para esta temporada de vacaciones se tienen programadas muchas actividades, como las ferias de la guitarra, del cobre y del mueble; mientras que en la localidad de P\u00e1tzcuaro se contin\u00faa con el evento de #YoSoyP\u00e1tzcuaro, mismo que ha logrado la atenci\u00f3n de los turistas locales y nacionales; por ello, se\u00f1al\u00f3 que se espera que con estas otras ferias Michoac\u00e1n sea el destino de muchos turistas en las vacaciones de verano.<\/p>\n<p>&nbsp;<\/p>\n<p>En la rueda de prensa tambi\u00e9n estuvieron presentes la coordinadora general de Comunicaci\u00f3n Social, Georgina Morales Guti\u00e9rrez; la Reina de la Feria de Santa Clara del Cobre; el personaje ilustre &#8220;Pito P\u00e9rez&#8221;; as\u00ed como artesanos y artesanas de la localidad de Pich\u00e1taro. Tambi\u00e9n, los asistentes pudieron degustar de los platillos t\u00edpicos que estar\u00e1n a la venta durante las ferias, como son las tortas de tostada de Santa Clara, los tamales de harina, atole, bu\u00f1uelos y m\u00e1s.<\/p>\n","protected":false},"excerpt":{"rendered":"<p>El Instituto del Artesano Michoacano  y la Secretaria de Turismo, en coordinaci\u00f3n con las presidencias municipales de Salvador Escalante y Tingambato, dieron a conocer el programa de actividades de las Ferias y Concursos Artesanales del Mueble Rustico y del Cobre Martillado, <\/p>\n","protected":false},"author":1,"featured_media":16912,"comment_status":"open","ping_status":"open","sticky":false,"template":"","format":"standard","meta":{"footnotes":""},"categories":[14,3],"tags":[],"class_list":["post-16911","post","type-post","status-publish","format-standard","has-post-thumbnail","hentry","category-destacadas","category-gobierno-del-estado-de-michoacan"],"_links":{"self":[{"href":"https:\/\/radiowebmx.com\/nota\/wp-json\/wp\/v2\/posts\/16911","targetHints":{"allow":["GET"]}}],"collection":[{"href":"https:\/\/radiowebmx.com\/nota\/wp-json\/wp\/v2\/posts"}],"about":[{"href":"https:\/\/radiowebmx.com\/nota\/wp-json\/wp\/v2\/types\/post"}],"author":[{"embeddable":true,"href":"https:\/\/radiowebmx.com\/nota\/wp-json\/wp\/v2\/users\/1"}],"replies":[{"embeddable":true,"href":"https:\/\/radiowebmx.com\/nota\/wp-json\/wp\/v2\/comments?post=16911"}],"version-history":[{"count":1,"href":"https:\/\/radiowebmx.com\/nota\/wp-json\/wp\/v2\/posts\/16911\/revisions"}],"predecessor-version":[{"id":16913,"href":"https:\/\/radiowebmx.com\/nota\/wp-json\/wp\/v2\/posts\/16911\/revisions\/16913"}],"wp:featuredmedia":[{"embeddable":true,"href":"https:\/\/radiowebmx.com\/nota\/wp-json\/wp\/v2\/media\/16912"}],"wp:attachment":[{"href":"https:\/\/radiowebmx.com\/nota\/wp-json\/wp\/v2\/media?parent=16911"}],"wp:term":[{"taxonomy":"category","embeddable":true,"href":"https:\/\/radiowebmx.com\/nota\/wp-json\/wp\/v2\/categories?post=16911"},{"taxonomy":"post_tag","embeddable":true,"href":"https:\/\/radiowebmx.com\/nota\/wp-json\/wp\/v2\/tags?post=16911"}],"curies":[{"name":"wp","href":"https:\/\/api.w.org\/{rel}","templated":true}]}}