{"id":16908,"date":"2015-07-28T13:43:22","date_gmt":"2015-07-28T18:43:22","guid":{"rendered":"https:\/\/radiowebmx.com\/nota\/?p=16908"},"modified":"2015-07-28T13:43:22","modified_gmt":"2015-07-28T18:43:22","slug":"ayuntamiento-y-canaco-invitan-a-participar-en-colecta-rescatemos-a-la-m-116","status":"publish","type":"post","link":"https:\/\/radiowebmx.com\/nota\/ayuntamiento-y-canaco-invitan-a-participar-en-colecta-rescatemos-a-la-m-116\/","title":{"rendered":"Ayuntamiento y Canaco invitan a participar en colecta \u201cRescatemos a la M-116\u201d"},"content":{"rendered":"<p><span style=\"font-size: medium;\"><span style=\"color: #000000;\">Con la participaci\u00f3n de la CANACO Servytur Morelia, el Ayuntamiento que preside Salvador Abud Mirabent invita a la ciudadan\u00eda para que sume solidariamente a la colecta \u201cRescatemos a la M-116\u201d, con el fin de recaudar 250 mil pesos para restaurar el \u00fanico cami\u00f3n de bomberos municipales con escalera telesc\u00f3pica, y as\u00ed apoyar la heroica labor del cuerpo de rescatistas de la capital michoacana.<\/span><\/span><\/p>\n<p><span style=\"color: #000000; font-size: medium;\">\u00a0<\/span><\/p>\n<p><span style=\"font-size: medium;\"><span style=\"color: #000000;\">Acompa\u00f1ado por la presidenta de\u00a0la C\u00e1mara Nacional de Comercio, Servicios y Turismo de Morelia, Guadalupe Morales L\u00f3pez, Abud Mirabent afirm\u00f3 que se trata de una campa\u00f1a que busca la uni\u00f3n ciudadana, pues los morelianos pueden contribuir con donativos desde un peso, en un esfuerzo com\u00fan por entregar la m\u00e1quina 116 ya reparada el pr\u00f3ximo 22 de agosto, que se celebrar\u00e1 el D\u00eda del Bombero.<\/span><\/span><br \/>\n<span style=\"color: #000000; font-size: medium;\">Asimismo, el edil asegur\u00f3 que a la brevedad convocar\u00e1 a su gabinete para que tambi\u00e9n cooperen con la causa, y comenzar as\u00ed a destinar los recursos necesarios a la reparaci\u00f3n del veh\u00edculo, que fue donado al municipio en 2003\u00a0<\/span><span style=\"font-size: medium;\"><span style=\"color: #000000;\">por la ciudad hermana de Yakima, Washington.<\/span><\/span><\/p>\n<p><span style=\"color: #000000; font-size: medium;\">\u00a0<\/span><\/p>\n<p><span style=\"font-size: medium;\"><span style=\"color: #000000;\">Para garantizar la transparencia en el manejo de los recursos donados por los ciudadanos, la Canaco Servytur Morelia pone a disposici\u00f3n del p\u00fablico la cuenta de Bancomer con n\u00famero 0194226909 \u00f3 bien la clabe interbancaria 012 470 00194226909 para transferencias, donde podr\u00e1n realizar los donativos.<\/span><\/span><\/p>\n<p><span style=\"color: #000000; font-size: medium;\">\u00a0<\/span><\/p>\n<p><span style=\"font-size: medium;\"><span style=\"color: #000000;\">Rabindranath Luna McGregor, coordinador de Protecci\u00f3n Civil y Bomberos, agradeci\u00f3 el respaldo del Presidente Municipal para iniciar esta colecta,\u00a0que adem\u00e1s busca reconocer la labor de los bomberos que a diario ofrecen su vida a cambio del rescate de v\u00edctimas en accidentes de tr\u00e1fico, ca\u00eddas en r\u00edos, incendios, entre otros siniestros.<\/span><\/span><\/p>\n<p><span style=\"color: #000000; font-size: medium;\">\u00a0<\/span><\/p>\n<p><span style=\"color: #000000;\">La m\u00e1quina 116 es una unidad\u00a0de emergencia de l\u00ednea americana, modelo 1968, \u00fanica en su tipo porque tiene una\u00a0escalera telesc\u00f3pica que\u00a0puede\u00a0alcanzar alturas de hasta 35 metros y cubrir\u00a0emergencias en sitios de dif\u00edcil acceso.<\/span><\/p>\n<p><span style=\"color: #000000;\">\u00a0<\/span><\/p>\n<p><span style=\"color: #000000;\">Con la \u201cM-116\u201d se han atendido diversos siniestros, entre los que destacan el incendio de una bodega de pl\u00e1sticos en la Central de Abastos (2006); la quema de un almac\u00e9n de Ciudad Industrial, durante el que result\u00f3 severamente da\u00f1ado del motor y fuera de servicio (2010); el rescate de un menor de edad que qued\u00f3 atrapado en el R\u00edo Grande.<\/span><\/p>\n","protected":false},"excerpt":{"rendered":"<p>Con la participaci\u00f3n de la CANACO Servytur Morelia, el Ayuntamiento que preside Salvador Abud Mirabent invita a la ciudadan\u00eda para que sume solidariamente a la colecta \u201cRescatemos a la M-116\u201d,<\/p>\n","protected":false},"author":1,"featured_media":16909,"comment_status":"open","ping_status":"open","sticky":false,"template":"","format":"standard","meta":{"footnotes":""},"categories":[14,9],"tags":[],"class_list":["post-16908","post","type-post","status-publish","format-standard","has-post-thumbnail","hentry","category-destacadas","category-morelia"],"_links":{"self":[{"href":"https:\/\/radiowebmx.com\/nota\/wp-json\/wp\/v2\/posts\/16908","targetHints":{"allow":["GET"]}}],"collection":[{"href":"https:\/\/radiowebmx.com\/nota\/wp-json\/wp\/v2\/posts"}],"about":[{"href":"https:\/\/radiowebmx.com\/nota\/wp-json\/wp\/v2\/types\/post"}],"author":[{"embeddable":true,"href":"https:\/\/radiowebmx.com\/nota\/wp-json\/wp\/v2\/users\/1"}],"replies":[{"embeddable":true,"href":"https:\/\/radiowebmx.com\/nota\/wp-json\/wp\/v2\/comments?post=16908"}],"version-history":[{"count":1,"href":"https:\/\/radiowebmx.com\/nota\/wp-json\/wp\/v2\/posts\/16908\/revisions"}],"predecessor-version":[{"id":16910,"href":"https:\/\/radiowebmx.com\/nota\/wp-json\/wp\/v2\/posts\/16908\/revisions\/16910"}],"wp:featuredmedia":[{"embeddable":true,"href":"https:\/\/radiowebmx.com\/nota\/wp-json\/wp\/v2\/media\/16909"}],"wp:attachment":[{"href":"https:\/\/radiowebmx.com\/nota\/wp-json\/wp\/v2\/media?parent=16908"}],"wp:term":[{"taxonomy":"category","embeddable":true,"href":"https:\/\/radiowebmx.com\/nota\/wp-json\/wp\/v2\/categories?post=16908"},{"taxonomy":"post_tag","embeddable":true,"href":"https:\/\/radiowebmx.com\/nota\/wp-json\/wp\/v2\/tags?post=16908"}],"curies":[{"name":"wp","href":"https:\/\/api.w.org\/{rel}","templated":true}]}}