{"id":16903,"date":"2015-07-28T13:36:17","date_gmt":"2015-07-28T18:36:17","guid":{"rendered":"https:\/\/radiowebmx.com\/nota\/?p=16903"},"modified":"2015-07-28T13:36:17","modified_gmt":"2015-07-28T18:36:17","slug":"temas-de-cafe-341","status":"publish","type":"post","link":"https:\/\/radiowebmx.com\/nota\/temas-de-cafe-341\/","title":{"rendered":"TEMAS DE CAF\u00c9"},"content":{"rendered":"<ul>\n<li><a href=\"https:\/\/radiowebmx.com\/nota\/wp-content\/uploads\/2013\/06\/temas-de-cafe.jpg\"><img loading=\"lazy\" decoding=\"async\" class=\"alignleft size-full wp-image-2805\" alt=\"temas de cafe\" src=\"https:\/\/radiowebmx.com\/nota\/wp-content\/uploads\/2013\/06\/temas-de-cafe.jpg\" width=\"295\" height=\"171\" \/><\/a>PENSIONES: \u00a1VIDA O MUERTE!<\/li>\n<li>TODOS DE ACUERDO, CNTE NO<\/li>\n<li>MORELIA Y LA DEMOCRACIA<\/li>\n<li>MIGUEL HERRERA Y MARTINOLI<\/li>\n<\/ul>\n<p>La mayor\u00eda entiende la gravedad de la situaci\u00f3n, menos como siempre la CNTE, por ejemplo los tres sindicatos del poder ejecutivo, del poder\u00a0 legislativo y judicial, as\u00ed como la SNTE est\u00e1n de acuerdo en la reingenier\u00eda que es necesaria hacerle, a Pensiones Civiles del gobierno del estado, porque de otra manera se empezar\u00e1n a tomar recursos, de la reserva financiera y de seguir as\u00ed, todo estallar\u00e1 en el 2022, de otra manera si se hace la reforma, afirma Domingo Bautista se fondear\u00e1n los recursos hasta el a\u00f1o 2048 y de esta manera, ganar\u00e1n los integrantes de los sindicatos, \u00a0sus familias y Michoac\u00e1n porque podr\u00e1 ser calificado mejor, para en el caso de que requiera de m\u00e1s cr\u00e9ditos.<\/p>\n<p>SARBELIO MOLINA ENTIENDE LA PROBLEMATICA<\/p>\n<p>En las pl\u00e1ticas donde se explicaron los pormenores, de los diversos modelos que se pusieron a criterio de los dirigentes sindicales, asistieron tambi\u00e9n los representantes de la CNTE, por lo cual est\u00e1n bien enterados de la situaci\u00f3n, ya que este proyecto no perjudica a nadie, al contrario de no hacerse el sistema de pensiones colapsar\u00e1, definitivamente en el a\u00f1o 2022, y no habr\u00e1 m\u00e1s recurso, a menos que el Estado los aporte.<\/p>\n<p>Hoy la aportaci\u00f3n del trabajador es de un 5.5 de su salario, ante lo cual el Estado o sea el patr\u00f3n aporta otro 5.5,\u00a0 lo cual hace un once por ciento de aportaciones, la propuesta es que el trabajador en forma gradual aporte otro 5.5, hasta llegar al 11 por ciento, mientras tanto el gobierno, tendr\u00e1 una aportaci\u00f3n que llegar\u00e1 al 13 por ciento, con este recurso se fondear\u00e1n bien los recursos para pensiones y jubilaciones, y se le dar\u00e1 viabilidad financiera hasta el a\u00f1o 2048.<\/p>\n<p>ALGUNAS MODIFICACIONES NECESARIAS<\/p>\n<p>Desde luego hay algunas modificaciones que ser\u00e1n necesarias, para darle\u00a0 viabilidad por ejemplo hoy,\u00a0 algunos trabajadores principalmente quienes ganan m\u00e1s, abusan del sistema ya que se jubilan con mensualidades, que van por arriba de los\u00a0 cien milpesos al mes, porque la ley se\u00f1ala que se jubilar\u00e1n, con el mismo pago de la \u00faltima quincena, aparte cuando muere el jubilado se paga a la viuda o viudo, el cien por ciento de la jubilaci\u00f3n, lo cual ahora ser\u00e1 gradualmente hasta un 50 por ciento, ya que falta uno de los dos, son medidas que tal vez no sean muy atractivas pero si necesarias.<\/p>\n<p>LA JUBILACION DEBE SER A LOS SESENTA A\u00d1OS<\/p>\n<p>Hoy hay excesos por ejemplo, los j\u00f3venes normalistas, salen de sus escuelas entre los 18 y 20 a\u00f1os e inmediatamente ingresan al sistema, de esta manera se jubilan con treinta a\u00f1os de servicio, o sea 50 a\u00f1os cuando est\u00e1n en la edad m\u00e1s productiva como docente, y viven por lo menos treinta a\u00f1os m\u00e1s, lo cual convierte al sistema de pensiones en inviable.<\/p>\n<p>De esta manera se comenta que la jubilaci\u00f3n debe ser, a los sesenta a\u00f1os porque la ciencia m\u00e9dica, ha prolongado la vida de las personas, cuando se hizo esta ley, se viv\u00eda menos ahora f\u00e1cil se pasa de los 70 a\u00f1os, por lo cual la ley debe ser ajustada a la realidad, as\u00ed de sencillo no hay nada extra\u00f1o en esto, a\u00a0 tal grado que todos los sindicatos est\u00e1n de acuerdo, menos como usted sabe la CNTE, que siempre ha estado en contra de todo. Sarbelio Molina entiende eso e impulsa, en el Congreso su aprobaci\u00f3n.<\/p>\n<p>0.8 NUEVOS EMPLEOS Y 11 % DE JUBILADOS<\/p>\n<p>Por el programa de austeridad implementado, por el gobierno de Fausto Vallejo y seguido por los gobernadores subsiguientes, como Jes\u00fas Reyna y ahora Salvador Jara, solamente se han creado el 0.8 por ciento de nuevos empleos, en la esfera del gobierno estatal, mientras que los jubilados han aumentado hasta en un 11 por ciento, en este mismo lapso por otra parte al inicio de la administraci\u00f3n, de Fausto Vallejo los jubilados y pensionados, eran 3 mil 600 y hoy esta cifra se ha ido acrecentando, hasta llegar a los seis mil 800.<\/p>\n<p>LA DEMOCRACIA DEJO REZAGOS EN MORELIA<\/p>\n<p>En los noventa se pens\u00f3 que la alternancia, ser\u00eda la soluci\u00f3n para que Morelia superara sus rezagos ancestrales, pero no, fue peor de esta manera la democracia que provoc\u00f3 la alternancia,\u00a0 mediante la cual llegaron a la administraci\u00f3n municipal, obviamente el PRI, el PRD y el PAN no han dejado avances en los servicios, al contrario cada administraci\u00f3n trat\u00f3 de opacar lo hecho por la\u00a0 anterior, as\u00ed Morelia se reinventa cada tres a\u00f1os o cuando fueron cuatro a\u00f1os, y vea usted Morelia tiene grandes rezagos principalmente en urbanizaci\u00f3n y servicios.<\/p>\n<p>LOS ERRORES DEL PAN Y PRD<\/p>\n<p>Uno de los grandes errores en que han ca\u00eddo, tanto las administraciones perredistas, como las panistas en el gobierno estatal, han sido la eliminaci\u00f3n de los cuadros valiosos de la administraci\u00f3n, tanto estatal como la municipal, el PAN en la administraci\u00f3n municipal, despidi\u00f3 los cuadros intermedios, que son los que realmente trabajan y saben, igual hizo el PRD en el gobierno estatal, despidieron a la gente hasta jefes de departamento y personal de apoyo, que es el que realmente sabe y trabaja.<\/p>\n<p>El PRD llen\u00f3 la administraci\u00f3n estatal, desde los cuadros medios hasta titulares de secretar\u00edas, de activistas que eran buenos en las calles, en las plazas para gritar y protestar, pero fueron malos para administrar y se tardaron, \u00a0mucho tiempo porque no es f\u00e1cil, la curva de aprendizaje dura mucho tiempo, y para cuando sab\u00edan se tuvieron que ir, porque aunque el PRD mantuvo el poder con Leonel, fue otro\u00a0 grupo del PRD distinto al de L\u00e1zaro C\u00e1rdenas Batel, as\u00ed desmantelaron la administraci\u00f3n estatal y pagaron las consecuencias, por eso es valioso el servicio civil de carrera, porque mantiene al personal capacitado y preparado, para el trabajo en funciones.<\/p>\n<p>SILVANO ESPERAMOS NO COMETA EL MISMO ERROR<\/p>\n<p>Estamos de acuerdo con los titulares, subsecretarios, directores, coordinadores\u00a0 y asesores, esos cuadros se tienen que ir, pero los jefes de departamento y el personal, algunos de contrato que tienen varios a\u00f1os, es el que realmente trabaja,\u00a0 por ello no deber\u00eda ser despedido, al contrario lo deben cuidar aporque es el que sabe, y como la administraci\u00f3n de Silvano est\u00e1 obligada, a dar resultados positivos casi en forma inmediata, por la expectativa creado\u00a0 ser\u00eda lamentable que despidiera a los que saben y trabajan, como hicieron las administraciones que le han antecedido, y han sufrido para dar buenos resultados.<\/p>\n<p>MIGUEL HERRERA, HIJA Y MARTINOLLI<\/p>\n<p>Nos vemos obligados a comentar este hecho vergonzoso, porque se ataca a la libertad de expresi\u00f3n, Martinolli y Luis Garc\u00eda los mejores narradores, y comentaristas deportivos de la televisi\u00f3n, le ganaron al Pollo y a Vaca de Televisa, en varias ocasiones ha atacado con dureza a Miguel Herrera, por sus pobres resultados tanto en la Copa de Oro, como en el torneo en Chile, m\u00e1s en los juegos donde los \u00e1rbitros ayudaron a M\u00e9xico, porque es el \u00fanico que llena los estadios en los EU, y sin M\u00e9xico este torneo ser\u00eda un fracaso, sabemos que el futbol es comercio, pero eso no le permite a Miguel Herrera a atacar a sus detractores, por la espalda y ahora hasta lo niega, \u00a1qu\u00e9 tipo tan vulgar!.<\/p>\n<p>La libertad de expresi\u00f3n debe estar por encima de estos mequetrefes, como Miguel Herrera que ha demostrado, en varias ocasiones su desequilibrio mental, como jugador fue una porquer\u00eda, como entrenador solamente con el Am\u00e9rica brill\u00f3 y Televisa, lo\u00a0 convirti\u00f3 en h\u00e9roe a tal grado que promueve bancos, estados y partidos pol\u00edticos, el colmo pero eso solamente se puede ver en M\u00e9xico, con un sector con un IQ pobre y una educaci\u00f3n mediocre, pero dentro de todo esto, debe haber respeto para la libertad de expresi\u00f3n.<\/p>\n<p>ERNESTO NU\u00d1EZ COORDINADOR DE LA BANCADA VERDE<\/p>\n<p>No fue ninguna novedad que Jonatan Sanata, haya designado a Ernesto N\u00fa\u00f1ez coordinador de la bancada verde, en el congreso estatal la cual podr\u00eda ser de cuatro legisladores, porque adem\u00e1s podr\u00eda ser que el mismo Ernesto N\u00fa\u00f1ez en una semanas m\u00e1s, se convierta en dirigente estatal del Verde en la entidad, as\u00ed se visualizan los coordinadores por el PRD, Pascual Sigala y por el PAN parece ser\u00e1 Carlos Quintana, por el PRI estar\u00e1 entre la gente de Chon Orihuela, y el resto de los priistas michoacanos.<\/p>\n","protected":false},"excerpt":{"rendered":"<p>\u2022\tPENSIONES: \u00a1VIDA O MUERTE!<br \/>\n\u2022\tTODOS DE ACUERDO, CNTE NO<br \/>\n\u2022\tMORELIA Y LA DEMOCRACIA<br \/>\n\u2022\tMIGUEL HERRERA Y MARTINOLI<\/p>\n","protected":false},"author":1,"featured_media":0,"comment_status":"open","ping_status":"open","sticky":false,"template":"","format":"standard","meta":{"footnotes":""},"categories":[4,14,10],"tags":[],"class_list":["post-16903","post","type-post","status-publish","format-standard","hentry","category-columnistas","category-destacadas","category-juan-manuel-belmonte"],"_links":{"self":[{"href":"https:\/\/radiowebmx.com\/nota\/wp-json\/wp\/v2\/posts\/16903","targetHints":{"allow":["GET"]}}],"collection":[{"href":"https:\/\/radiowebmx.com\/nota\/wp-json\/wp\/v2\/posts"}],"about":[{"href":"https:\/\/radiowebmx.com\/nota\/wp-json\/wp\/v2\/types\/post"}],"author":[{"embeddable":true,"href":"https:\/\/radiowebmx.com\/nota\/wp-json\/wp\/v2\/users\/1"}],"replies":[{"embeddable":true,"href":"https:\/\/radiowebmx.com\/nota\/wp-json\/wp\/v2\/comments?post=16903"}],"version-history":[{"count":2,"href":"https:\/\/radiowebmx.com\/nota\/wp-json\/wp\/v2\/posts\/16903\/revisions"}],"predecessor-version":[{"id":16905,"href":"https:\/\/radiowebmx.com\/nota\/wp-json\/wp\/v2\/posts\/16903\/revisions\/16905"}],"wp:attachment":[{"href":"https:\/\/radiowebmx.com\/nota\/wp-json\/wp\/v2\/media?parent=16903"}],"wp:term":[{"taxonomy":"category","embeddable":true,"href":"https:\/\/radiowebmx.com\/nota\/wp-json\/wp\/v2\/categories?post=16903"},{"taxonomy":"post_tag","embeddable":true,"href":"https:\/\/radiowebmx.com\/nota\/wp-json\/wp\/v2\/tags?post=16903"}],"curies":[{"name":"wp","href":"https:\/\/api.w.org\/{rel}","templated":true}]}}