{"id":16899,"date":"2015-07-28T13:30:49","date_gmt":"2015-07-28T18:30:49","guid":{"rendered":"https:\/\/radiowebmx.com\/nota\/?p=16899"},"modified":"2015-07-28T13:30:49","modified_gmt":"2015-07-28T18:30:49","slug":"michoacan-listo-para-elegir-a-dirigente-nacional-pan","status":"publish","type":"post","link":"https:\/\/radiowebmx.com\/nota\/michoacan-listo-para-elegir-a-dirigente-nacional-pan\/","title":{"rendered":"Michoac\u00e1n, listo para elegir a dirigente nacional: PAN"},"content":{"rendered":"<p>Con la expectativa de una participaci\u00f3n de 80 por ciento de los militantes, la dirigencia estatal del Partido Acci\u00f3n Nacional (PAN) y la Comisi\u00f3n Auxiliar Electoral Estatal para la renovaci\u00f3n del Comit\u00e9 Ejecutivo Nacional (CEN) coincidieron en la importancia y el compromiso de conducir con \u00e9xito este nuevo proceso interno que marcar\u00e1 el inicio de una nueva dirigencia nacional, por lo que habr\u00e1n de generar las condiciones para una elecci\u00f3n ejemplar donde el blanquiazul sea el gran ganador, consolidando la armon\u00eda y la convivencia interna de manera institucional.<\/p>\n<p>&nbsp;<\/p>\n<p>\u201cEstos \u00faltimos a\u00f1os en el PAN en Michoac\u00e1n hemos refrendando y dado testimonio de ser garantes de procesos internos democr\u00e1ticos, transparentes y apegados a la normatividad interna, y en este caso no ser\u00e1 la excepci\u00f3n, con un relevo que constituir\u00e1 un nuevo aire para animar a los panistas de Michoac\u00e1n a enfrentar echados para adelante el desaf\u00edo que se presentar\u00e1 el 2018 con el cambio en la Presidencia de la Rep\u00fablica\u201d, asever\u00f3 el jefe del panismo michoacano, Miguel \u00c1ngel Ch\u00e1vez Zavala.<\/p>\n<p>&nbsp;<\/p>\n<p>De igual forma, el dirigente albiazul en el estado aprovech\u00f3 para asegurar que en este proceso interno se cuenta con un padr\u00f3n confiable integrado por m\u00e1s de 17 mil 700 militantes que podr\u00e1n participar en la elecci\u00f3n del 16 de agosto, \u201cya que el crecimiento obtenido en \u00faltimas fechas es del todo normal y corresponde por una parte a la reintegraci\u00f3n de aquellos panistas que por alguna raz\u00f3n quedaron fuera del refrendo realizado en 2012, as\u00ed como a la simpat\u00eda de los ciudadanos por el blanquiazul\u201d.<\/p>\n<p>&nbsp;<\/p>\n<p>Por su parte, Javier Estrada C\u00e1rdenas, presidente de la Comisi\u00f3n Auxiliar Electoral, coment\u00f3 que este \u00f3rgano se prepara para instalar 95 centros de votaci\u00f3n ubicados estrat\u00e9gicamente para garantizar la participaci\u00f3n de la militancia de los 113 municipios, siendo que en algunos puntos estar\u00e1n participando votantes de las localidades que por reglamentaci\u00f3n interna no podr\u00e1n hacerlo en su propio municipio.<\/p>\n<p>&nbsp;<\/p>\n<p>Acompa\u00f1ado por sus compa\u00f1eros, Mar\u00eda Isabel Castillejo Moreno y Carlos Francisco Castelazo Mendoza, afirm\u00f3 que la Comisi\u00f3n responder\u00e1 cabalmente con su responsabilidad de garantizar la realizaci\u00f3n de una elecci\u00f3n del PAN transparente, donde se prev\u00e9 una alta participaci\u00f3n de los panistas ya que adem\u00e1s del entusiasmo por elegir al nuevo dirigente nacional, este proceso servir\u00e1 tambi\u00e9n para refrendar su inter\u00e9s por continuar militando en Acci\u00f3n Nacional.<\/p>\n<p>&nbsp;<\/p>\n<p>Finalmente, indic\u00f3 que como parte de sus responsabilidades en esta Comisi\u00f3n tendr\u00e1n que encargarse de los paquetes electorales, capacitar a los funcionarios que ayudar\u00e1n a llevar a cabo la jornada comicial, acreditar a los representantes de los contendientes Ricardo Anaya Cort\u00e9s y Javier Corral Jurado, y darles las garant\u00edas para que tengan acceso a los trabajos previos a la elecci\u00f3n.<\/p>\n","protected":false},"excerpt":{"rendered":"<p>Con la expectativa de una participaci\u00f3n de 80 por ciento de los militantes, la dirigencia estatal del PAN y la Comisi\u00f3n Auxiliar Electoral Estatal para la renovaci\u00f3n del CEN coincidieron en la importancia y el compromiso de conducir con \u00e9xito este nuevo proceso interno que marcar\u00e1 el inicio de una nueva dirigencia nacional, <\/p>\n","protected":false},"author":1,"featured_media":16900,"comment_status":"open","ping_status":"open","sticky":false,"template":"","format":"standard","meta":{"footnotes":""},"categories":[14,13,11],"tags":[],"class_list":["post-16899","post","type-post","status-publish","format-standard","has-post-thumbnail","hentry","category-destacadas","category-pan","category-partidos-politicos"],"_links":{"self":[{"href":"https:\/\/radiowebmx.com\/nota\/wp-json\/wp\/v2\/posts\/16899","targetHints":{"allow":["GET"]}}],"collection":[{"href":"https:\/\/radiowebmx.com\/nota\/wp-json\/wp\/v2\/posts"}],"about":[{"href":"https:\/\/radiowebmx.com\/nota\/wp-json\/wp\/v2\/types\/post"}],"author":[{"embeddable":true,"href":"https:\/\/radiowebmx.com\/nota\/wp-json\/wp\/v2\/users\/1"}],"replies":[{"embeddable":true,"href":"https:\/\/radiowebmx.com\/nota\/wp-json\/wp\/v2\/comments?post=16899"}],"version-history":[{"count":2,"href":"https:\/\/radiowebmx.com\/nota\/wp-json\/wp\/v2\/posts\/16899\/revisions"}],"predecessor-version":[{"id":16902,"href":"https:\/\/radiowebmx.com\/nota\/wp-json\/wp\/v2\/posts\/16899\/revisions\/16902"}],"wp:featuredmedia":[{"embeddable":true,"href":"https:\/\/radiowebmx.com\/nota\/wp-json\/wp\/v2\/media\/16900"}],"wp:attachment":[{"href":"https:\/\/radiowebmx.com\/nota\/wp-json\/wp\/v2\/media?parent=16899"}],"wp:term":[{"taxonomy":"category","embeddable":true,"href":"https:\/\/radiowebmx.com\/nota\/wp-json\/wp\/v2\/categories?post=16899"},{"taxonomy":"post_tag","embeddable":true,"href":"https:\/\/radiowebmx.com\/nota\/wp-json\/wp\/v2\/tags?post=16899"}],"curies":[{"name":"wp","href":"https:\/\/api.w.org\/{rel}","templated":true}]}}