{"id":16876,"date":"2015-07-27T12:03:01","date_gmt":"2015-07-27T17:03:01","guid":{"rendered":"https:\/\/radiowebmx.com\/nota\/?p=16876"},"modified":"2015-07-27T12:03:01","modified_gmt":"2015-07-27T17:03:01","slug":"impulsan-campana-peatones-primero","status":"publish","type":"post","link":"https:\/\/radiowebmx.com\/nota\/impulsan-campana-peatones-primero\/","title":{"rendered":"Impulsan campa\u00f1a  Peat\u00f3nEs Primero"},"content":{"rendered":"<p>El presidente municipal, Salvador Abud Mirabent,\u00a0 asegur\u00f3 que la campa\u00f1a\u00a0 \u201cPeat\u00f3nEs Primero\u201d\u00a0 ha tenido aceptaci\u00f3n por parte de los ciudadanos, quienes han identificado los espacios marcados en las principales calles y avenidas, donde se se\u00f1ala el cruce de transe\u00fantes.<\/p>\n<p>&nbsp;<\/p>\n<p>Este proyecto, ideado en la actual administraci\u00f3n a su cargo, tiene la \u00fanica intenci\u00f3n de promover entre los peatones el cuidado en el momento de transitar y pasar de una calle a otra.<\/p>\n<p>&nbsp;<\/p>\n<p>Invit\u00f3 a los ciudadanos a seguir fortaleciendo la educaci\u00f3n c\u00edvica e inculcar a los menores de edad la importancia de respetar los se\u00f1alamientos de tr\u00e1nsito para que esta cadena de conocimiento llegue a las nuevas generaciones y con ello proteger la vida de sus seres queridos y personas en general.<\/p>\n<p>&nbsp;<\/p>\n<p>El llamado de Abud Mirabent tambi\u00e9n es a los automovilistas y operadores del transporte p\u00fablico, para que respeten a los peatones en los puntos de cruce, as\u00ed como en general todos los se\u00f1alamientos viales.<\/p>\n<p>&nbsp;<\/p>\n<p>Por ello, distintas calles en las que se registra la mayor circulaci\u00f3n de transe\u00fantes, fueron pintadas con dise\u00f1os e ideas de artistas y autoridades para que fueran identificadas por la poblaci\u00f3n y sobre todo, que sepan que ese es el lugar apto para cruzar las calles.<\/p>\n<p>&nbsp;<\/p>\n<p>La iniciativa contempla el balizamiento de 70 puntos estrat\u00e9gicos establecidos como cruce oficial de acuerdo con los reglamentos de Tr\u00e1nsito, por lo que la ciudadan\u00eda deber\u00e1 cruzar para su mayor seguridad.<\/p>\n<p>&nbsp;<\/p>\n<p>El presidente municipal lament\u00f3 que de acuerdo con los reportes presentados por el \u00e1rea de Tr\u00e1nsito Municipal, los accidentes y atropellos a peatones son una preocupaci\u00f3n para esta autoridad, sobre todo los que se registran en zonas donde no es adecuado cruzar calles.<\/p>\n<p>&nbsp;<\/p>\n<p>Por ello, la iniciativa del gobierno municipal de cuidar el estado f\u00edsico de los ciudadanos a trav\u00e9s de esta campa\u00f1a.<\/p>\n<p>&nbsp;<\/p>\n<p>En este trabajo municipal se incluy\u00f3 a la iniciativa privada para que sean part\u00edcipes en el balizamiento de los cruces en las calles y avenidas de la ciudad, con sus ideas y dise\u00f1os art\u00edsticos particulares, invitaci\u00f3n que a\u00fan se encuentra abierta para que los empresarios sumen su voluntad en esta acci\u00f3n preventiva.<\/p>\n<p>&nbsp;<\/p>\n<p>Los ciudadanos pueden consultar las actividades e informaci\u00f3n de esta iniciativa en distintas plataformas como Facebook: Peat\u00f3nEs\u00a0Primero, p\u00e1gina web:\u00a0<a href=\"http:\/\/www.peatonesprimero.org\/\" target=\"_blank\">www.peatonesprimero.org<\/a><\/p>\n","protected":false},"excerpt":{"rendered":"<p>El presidente municipal, Salvador Abud Mirabent,  asegur\u00f3 que la campa\u00f1a  \u201cPeat\u00f3nEs Primero\u201d  ha tenido aceptaci\u00f3n por parte de los ciudadanos, quienes han identificado los espacios marcados en las principales calles y avenidas, donde se se\u00f1ala el cruce de transe\u00fantes.<\/p>\n","protected":false},"author":1,"featured_media":0,"comment_status":"open","ping_status":"open","sticky":false,"template":"","format":"standard","meta":{"footnotes":""},"categories":[9],"tags":[],"class_list":["post-16876","post","type-post","status-publish","format-standard","hentry","category-morelia"],"_links":{"self":[{"href":"https:\/\/radiowebmx.com\/nota\/wp-json\/wp\/v2\/posts\/16876","targetHints":{"allow":["GET"]}}],"collection":[{"href":"https:\/\/radiowebmx.com\/nota\/wp-json\/wp\/v2\/posts"}],"about":[{"href":"https:\/\/radiowebmx.com\/nota\/wp-json\/wp\/v2\/types\/post"}],"author":[{"embeddable":true,"href":"https:\/\/radiowebmx.com\/nota\/wp-json\/wp\/v2\/users\/1"}],"replies":[{"embeddable":true,"href":"https:\/\/radiowebmx.com\/nota\/wp-json\/wp\/v2\/comments?post=16876"}],"version-history":[{"count":1,"href":"https:\/\/radiowebmx.com\/nota\/wp-json\/wp\/v2\/posts\/16876\/revisions"}],"predecessor-version":[{"id":16877,"href":"https:\/\/radiowebmx.com\/nota\/wp-json\/wp\/v2\/posts\/16876\/revisions\/16877"}],"wp:attachment":[{"href":"https:\/\/radiowebmx.com\/nota\/wp-json\/wp\/v2\/media?parent=16876"}],"wp:term":[{"taxonomy":"category","embeddable":true,"href":"https:\/\/radiowebmx.com\/nota\/wp-json\/wp\/v2\/categories?post=16876"},{"taxonomy":"post_tag","embeddable":true,"href":"https:\/\/radiowebmx.com\/nota\/wp-json\/wp\/v2\/tags?post=16876"}],"curies":[{"name":"wp","href":"https:\/\/api.w.org\/{rel}","templated":true}]}}