{"id":16837,"date":"2015-07-24T13:54:16","date_gmt":"2015-07-24T18:54:16","guid":{"rendered":"https:\/\/radiowebmx.com\/nota\/?p=16837"},"modified":"2015-07-24T13:54:16","modified_gmt":"2015-07-24T18:54:16","slug":"programan-limpieza-del-dren-arroyo-blanco-para-prevenir-contingencias","status":"publish","type":"post","link":"https:\/\/radiowebmx.com\/nota\/programan-limpieza-del-dren-arroyo-blanco-para-prevenir-contingencias\/","title":{"rendered":"Programan limpieza del dren Arroyo Blanco para prevenir contingencias"},"content":{"rendered":"<p><span style=\"font-size: medium;\"><span style=\"color: #000000;\">Para dar<\/span>\u00a0continuidad a las acciones de la Brigada Interinstitucional de Prevenci\u00f3n de Inundaciones en la ciudad de Morelia, este viernes se trabajar\u00e1, a partir de las 8:00 horas, en el Dren Arroyo Blanco, que comprende la calle Uacusecha esquina con Calzada la Huerta, entre las colonias Xangari y Bosques de la Huerta.<\/span><\/p>\n<p><span style=\"font-size: medium;\">\u00a0<\/span><\/p>\n<p><span style=\"font-size: medium;\">En este sitio, la brigada de trabajo, que comprende a 50 empleados, efectuar\u00e1 el retiro de la maleza y ramas que impiden la visibilidad, as\u00ed como el libre flujo de agua, adem\u00e1s de retirar la basura. Todo ello se depositar\u00e1 en la orilla de la vialidad para ser retirado por las m\u00e1quinas y los camiones destinados para tal efecto.<\/span><\/p>\n<p><span style=\"font-size: medium;\">\u00a0<\/span><\/p>\n<p><span style=\"font-size: medium;\">Hay secciones del dren que requieren la intervenci\u00f3n de la retroexcavadora para el retiro del material y conformaci\u00f3n de los taludes, por lo que\u00a0\u00a0ya se cuenta con la maquinaria para realizar este trabajo.<\/span><\/p>\n","protected":false},"excerpt":{"rendered":"<p>Para dar continuidad a las acciones de la Brigada Interinstitucional de Prevenci\u00f3n de Inundaciones en la ciudad de Morelia, este viernes se trabajar\u00e1, a partir de las 8:00 horas, en el Dren Arroyo Blanco, que comprende la calle Uacusecha esquina con Calzada la Huerta, <\/p>\n","protected":false},"author":1,"featured_media":16838,"comment_status":"open","ping_status":"open","sticky":false,"template":"","format":"standard","meta":{"footnotes":""},"categories":[14,9],"tags":[],"class_list":["post-16837","post","type-post","status-publish","format-standard","has-post-thumbnail","hentry","category-destacadas","category-morelia"],"_links":{"self":[{"href":"https:\/\/radiowebmx.com\/nota\/wp-json\/wp\/v2\/posts\/16837","targetHints":{"allow":["GET"]}}],"collection":[{"href":"https:\/\/radiowebmx.com\/nota\/wp-json\/wp\/v2\/posts"}],"about":[{"href":"https:\/\/radiowebmx.com\/nota\/wp-json\/wp\/v2\/types\/post"}],"author":[{"embeddable":true,"href":"https:\/\/radiowebmx.com\/nota\/wp-json\/wp\/v2\/users\/1"}],"replies":[{"embeddable":true,"href":"https:\/\/radiowebmx.com\/nota\/wp-json\/wp\/v2\/comments?post=16837"}],"version-history":[{"count":1,"href":"https:\/\/radiowebmx.com\/nota\/wp-json\/wp\/v2\/posts\/16837\/revisions"}],"predecessor-version":[{"id":16839,"href":"https:\/\/radiowebmx.com\/nota\/wp-json\/wp\/v2\/posts\/16837\/revisions\/16839"}],"wp:featuredmedia":[{"embeddable":true,"href":"https:\/\/radiowebmx.com\/nota\/wp-json\/wp\/v2\/media\/16838"}],"wp:attachment":[{"href":"https:\/\/radiowebmx.com\/nota\/wp-json\/wp\/v2\/media?parent=16837"}],"wp:term":[{"taxonomy":"category","embeddable":true,"href":"https:\/\/radiowebmx.com\/nota\/wp-json\/wp\/v2\/categories?post=16837"},{"taxonomy":"post_tag","embeddable":true,"href":"https:\/\/radiowebmx.com\/nota\/wp-json\/wp\/v2\/tags?post=16837"}],"curies":[{"name":"wp","href":"https:\/\/api.w.org\/{rel}","templated":true}]}}