{"id":16830,"date":"2015-07-24T13:43:07","date_gmt":"2015-07-24T18:43:07","guid":{"rendered":"https:\/\/radiowebmx.com\/nota\/?p=16830"},"modified":"2015-07-24T13:43:07","modified_gmt":"2015-07-24T18:43:07","slug":"cumple-cobaem-evaluacion-que-preve-ley-general-del-servicio-profesional-docente","status":"publish","type":"post","link":"https:\/\/radiowebmx.com\/nota\/cumple-cobaem-evaluacion-que-preve-ley-general-del-servicio-profesional-docente\/","title":{"rendered":"CUMPLE COBAEM EVALUACI\u00d3N QUE PREV\u00c9 LEY GENERAL DEL SERVICIO PROFESIONAL DOCENTE"},"content":{"rendered":"<p>Ante los directores de planteles y de los coordinadores sectoriales del Colegio de Bachilleres del Estado de Michoac\u00e1n (COBAEM), el director general, Rolando L\u00f3pez Villase\u00f1or, les expres\u00f3: \u201cson ustedes verdaderos profesionales de la educaci\u00f3n, tienen una s\u00f3lida formaci\u00f3n; por tal raz\u00f3n no deben de temer al proceso de evaluaci\u00f3n que prev\u00e9 la Ley General del Servicio Profesional Docente\u201d.<\/p>\n<p>&nbsp;<\/p>\n<p>Agreg\u00f3 \u201cni dejarse sorprender por presiones externas de quienes nunca podr\u00e1n evaluarse, en raz\u00f3n de la carencia de conocimientos y falta de experiencia docente frente a grupo \u201c. Lo anterior al realizarse un curso en las instalaciones de la Universidad Contempor\u00e1nea de las Am\u00e9ricas (UCLA).<\/p>\n<p>&nbsp;<\/p>\n<p>Ante los nueve Coordinadores Sectoriales y 97 Directores de planteles que tienen presencia en 82 municipios de los 113 del estado, L\u00f3pez Villase\u00f1or precis\u00f3 \u201cel proceso de evaluaci\u00f3n al que habr\u00e1n de concurrir, no versar\u00e1 sobre materias diferentes a las que ustedes imparten, pues es un refrendo de lo que hacen cotidianamente. No se trata de nada extraordinario, es un reto que tenemos que asumir, porque ello nos permitir\u00e1 avanzar en nuestra preparaci\u00f3n y propiciar que los est\u00edmulos y recursos federales fluyan\u201d.<\/p>\n<p>&nbsp;<\/p>\n<p>El director del COBAEM, que cuenta con aproximadamente mil 700 maestros, precis\u00f3 que la ley se tiene que cumplir. \u201cNo es una cuesti\u00f3n personal, ni una decisi\u00f3n de la Direcci\u00f3n General. Ustedes como coordinadores, como directores, asumen una corresponsabilidad en la obligaci\u00f3n de dirigir y coordinar las acciones educativas y su omisi\u00f3n puede ser sancionadora\u201d.<\/p>\n<p>&nbsp;<\/p>\n<p>Aclar\u00f3 que \u201cno buscamos una confrontaci\u00f3n, sino cumplir con la normatividad y cada uno de ustedes tiene ya la informaci\u00f3n de lo que tienen que hacer. Al margen de la exigencia de la ley, les pido ir a fondo, es una oportunidad para demostrar nuestras capacidades\u201d.<\/p>\n<p>&nbsp;<\/p>\n<p>\u201cYo los invito a motivar a los docentes, que son gente razonable, estudiosa y preocupada por nuestros j\u00f3venes. Tenemos la capacidad para responder a este peque\u00f1o reto. Ruego a los coordinadores y directores que bajen la informaci\u00f3n a los docentes. Estoy seguro que vamos a lograr este objetivo, no nos dejemos amedrentar\u201d.<\/p>\n<p>&nbsp;<\/p>\n<p>El curso fue organizado por la Direcci\u00f3n Acad\u00e9mica del COBAEM, que encabeza Cecilia Izarraraz Guti\u00e9rrez e impartido por Carlos Villegas S\u00e1nchez, Coordinador Sectorial 09, de una manera sencilla y clara.<\/p>\n<p>&nbsp;<\/p>\n<p>De manera did\u00e1ctica se abord\u00f3 cada una de las etapas en que esta evaluaci\u00f3n contempla como son: Informe de cumplimiento de responsabilidades profesionales; Expediente de evidencias de ense\u00f1anza; Evaluaci\u00f3n de conocimientos actualizados y de las competencias did\u00e1cticas que favorecen el aprendizaje y el logro de las competencias de los estudiantes.<\/p>\n<p>&nbsp;<\/p>\n<p>Es esta \u00faltima etapa, la que consiste en la aplicaci\u00f3n de dos ex\u00e1menes estandarizados y autoadministrables, los ex\u00e1menes son: de conocimientos, que valora el dominio en la disciplina que corresponde al docente y el examen de casos de competencias did\u00e1cticas que estima la capacitaci\u00f3n del docente, para plantear alternativas para la resoluci\u00f3n de un conjunto de situaciones cotidianas vinculadas con las pr\u00e1cticas de ense\u00f1anza y contextualizadas en distintos escenarios de la educaci\u00f3n media superior; es decir, por enfoque de competencias.<\/p>\n<p>&nbsp;<\/p>\n<p>En la cuarta etapa, considera una presentaci\u00f3n did\u00e1ctica. Se hizo de su conocimiento que pueden acceder a las gu\u00edas acad\u00e9micas y t\u00e9cnicas que la Secretar\u00eda de Educaci\u00f3n P\u00fablica pone a su disposici\u00f3n. Las gu\u00edas acad\u00e9micas son de todas y cada una de las asignaturas que se imparten. De igual forma se les precis\u00f3 como se deben hacer los informes solicitados por la autoridad.<\/p>\n<p>&nbsp;<\/p>\n<p>Finalmente, el director general se\u00f1al\u00f3 que este es un momento hist\u00f3rico para el COBAEM. \u201cHagamos juntos historia, tomemos el reto de evaluarnos sin temor alguno. Si alg\u00fan director considera no poder con su responsabilidad en este reto, es el momento oportuno para que renuncie\u201d.<\/p>\n","protected":false},"excerpt":{"rendered":"<p>Ante los directores de planteles y de los coordinadores sectoriales del COBAEM, el director general, les expres\u00f3: \u201cson ustedes verdaderos profesionales de la educaci\u00f3n, tienen una s\u00f3lida formaci\u00f3n; por tal raz\u00f3n no deben de temer al proceso de evaluaci\u00f3n que prev\u00e9 la Ley General del Servicio Profesional Docente\u201d.<\/p>\n","protected":false},"author":1,"featured_media":16831,"comment_status":"open","ping_status":"open","sticky":false,"template":"","format":"standard","meta":{"footnotes":""},"categories":[14,3],"tags":[],"class_list":["post-16830","post","type-post","status-publish","format-standard","has-post-thumbnail","hentry","category-destacadas","category-gobierno-del-estado-de-michoacan"],"_links":{"self":[{"href":"https:\/\/radiowebmx.com\/nota\/wp-json\/wp\/v2\/posts\/16830","targetHints":{"allow":["GET"]}}],"collection":[{"href":"https:\/\/radiowebmx.com\/nota\/wp-json\/wp\/v2\/posts"}],"about":[{"href":"https:\/\/radiowebmx.com\/nota\/wp-json\/wp\/v2\/types\/post"}],"author":[{"embeddable":true,"href":"https:\/\/radiowebmx.com\/nota\/wp-json\/wp\/v2\/users\/1"}],"replies":[{"embeddable":true,"href":"https:\/\/radiowebmx.com\/nota\/wp-json\/wp\/v2\/comments?post=16830"}],"version-history":[{"count":2,"href":"https:\/\/radiowebmx.com\/nota\/wp-json\/wp\/v2\/posts\/16830\/revisions"}],"predecessor-version":[{"id":16833,"href":"https:\/\/radiowebmx.com\/nota\/wp-json\/wp\/v2\/posts\/16830\/revisions\/16833"}],"wp:featuredmedia":[{"embeddable":true,"href":"https:\/\/radiowebmx.com\/nota\/wp-json\/wp\/v2\/media\/16831"}],"wp:attachment":[{"href":"https:\/\/radiowebmx.com\/nota\/wp-json\/wp\/v2\/media?parent=16830"}],"wp:term":[{"taxonomy":"category","embeddable":true,"href":"https:\/\/radiowebmx.com\/nota\/wp-json\/wp\/v2\/categories?post=16830"},{"taxonomy":"post_tag","embeddable":true,"href":"https:\/\/radiowebmx.com\/nota\/wp-json\/wp\/v2\/tags?post=16830"}],"curies":[{"name":"wp","href":"https:\/\/api.w.org\/{rel}","templated":true}]}}