{"id":16807,"date":"2015-07-17T15:28:23","date_gmt":"2015-07-17T20:28:23","guid":{"rendered":"https:\/\/radiowebmx.com\/nota\/?p=16807"},"modified":"2015-07-17T15:28:23","modified_gmt":"2015-07-17T20:28:23","slug":"la-secretaria-de-seguridad-publica-de-michoacan-no-reconoce-la-figura-denominada-autodefensa-urbano","status":"publish","type":"post","link":"https:\/\/radiowebmx.com\/nota\/la-secretaria-de-seguridad-publica-de-michoacan-no-reconoce-la-figura-denominada-autodefensa-urbano\/","title":{"rendered":"LA SECRETAR\u00cdA DE SEGURIDAD P\u00daBLICA DE MICHOAC\u00c1N NO RECONOCE LA FIGURA DENOMINADA \u201cAUTODEFENSA URBANO\u201d"},"content":{"rendered":"<p>La Secretar\u00eda de Seguridad P\u00fablica de Michoac\u00e1n hace extensivo al resto de la poblaci\u00f3n, no reconocer la figura de &#8220;autodefensa urbano&#8221;, ya que siendo la Seguridad P\u00fablica una atribuci\u00f3n exclusiva del Estado mexicano, est\u00e1 penalizado el portar armamento por parte de civiles, es por ello que se recuerda a la poblaci\u00f3n que no puede ni debe hacer justicia por su propia mano sin acarrear consecuencias.<\/p>\n<p>De igual manera, no se tiene conocimiento de que se haya realizado ni autorizado patrullaje conjunto de ciudadanos armados con elementos de Fuerza Ciudadana.<\/p>\n<p>Finalmente, se hace un llamado a la poblaci\u00f3n a evitar portar ilegalmente armas, ya que de ser el caso, se actuar\u00e1 de inmediato conforme a la ley.<\/p>\n<p>Es de conocimiento general que la convocatoria para formar parte de esta honorable instituci\u00f3n, est\u00e1 abierta actualmente y se hace extensiva la invitaci\u00f3n a todos los ciudadanos con vocaci\u00f3n de servicio en temas de seguridad, a incorporarse a esta Secretar\u00eda bajo los procesos de formaci\u00f3n inicial policial respecto al perfil que cubran e interesen.<\/p>\n","protected":false},"excerpt":{"rendered":"<p>La Secretar\u00eda de Seguridad P\u00fablica de Michoac\u00e1n hace extensivo al resto de la poblaci\u00f3n, no reconocer la figura de &#8220;autodefensa urbano&#8221;, ya que siendo la Seguridad P\u00fablica una atribuci\u00f3n exclusiva del Estado mexicano, est\u00e1 penalizado el portar armamento por parte de civiles, <\/p>\n","protected":false},"author":1,"featured_media":0,"comment_status":"open","ping_status":"open","sticky":false,"template":"","format":"standard","meta":{"footnotes":""},"categories":[3],"tags":[],"class_list":["post-16807","post","type-post","status-publish","format-standard","hentry","category-gobierno-del-estado-de-michoacan"],"_links":{"self":[{"href":"https:\/\/radiowebmx.com\/nota\/wp-json\/wp\/v2\/posts\/16807","targetHints":{"allow":["GET"]}}],"collection":[{"href":"https:\/\/radiowebmx.com\/nota\/wp-json\/wp\/v2\/posts"}],"about":[{"href":"https:\/\/radiowebmx.com\/nota\/wp-json\/wp\/v2\/types\/post"}],"author":[{"embeddable":true,"href":"https:\/\/radiowebmx.com\/nota\/wp-json\/wp\/v2\/users\/1"}],"replies":[{"embeddable":true,"href":"https:\/\/radiowebmx.com\/nota\/wp-json\/wp\/v2\/comments?post=16807"}],"version-history":[{"count":1,"href":"https:\/\/radiowebmx.com\/nota\/wp-json\/wp\/v2\/posts\/16807\/revisions"}],"predecessor-version":[{"id":16808,"href":"https:\/\/radiowebmx.com\/nota\/wp-json\/wp\/v2\/posts\/16807\/revisions\/16808"}],"wp:attachment":[{"href":"https:\/\/radiowebmx.com\/nota\/wp-json\/wp\/v2\/media?parent=16807"}],"wp:term":[{"taxonomy":"category","embeddable":true,"href":"https:\/\/radiowebmx.com\/nota\/wp-json\/wp\/v2\/categories?post=16807"},{"taxonomy":"post_tag","embeddable":true,"href":"https:\/\/radiowebmx.com\/nota\/wp-json\/wp\/v2\/tags?post=16807"}],"curies":[{"name":"wp","href":"https:\/\/api.w.org\/{rel}","templated":true}]}}