{"id":16804,"date":"2015-07-17T15:27:31","date_gmt":"2015-07-17T20:27:31","guid":{"rendered":"https:\/\/radiowebmx.com\/nota\/?p=16804"},"modified":"2015-07-17T15:27:31","modified_gmt":"2015-07-17T20:27:31","slug":"los-alcances-del-seguro-popular-tema-de-la-conferencia-magistral-del-secretario-de-salud","status":"publish","type":"post","link":"https:\/\/radiowebmx.com\/nota\/los-alcances-del-seguro-popular-tema-de-la-conferencia-magistral-del-secretario-de-salud\/","title":{"rendered":"LOS ALCANCES DEL SEGURO POPULAR, TEMA DE LA CONFERENCIA MAGISTRAL DEL SECRETARIO DE SALUD"},"content":{"rendered":"<p>Reducir la distancia en los procesos de los servicios de salud a trav\u00e9s de un acceso real, oportuno y con calidad para toda la poblaci\u00f3n michoacana, es una de las prioridades de la Secretar\u00eda de Salud en Michoac\u00e1n, puntualiz\u00f3 el titular en la materia, Carlos Aranza Doniz, durante su conferencia magistral \u201cAlcances del Seguro Popular\u201d, impartida a personal m\u00e9dico y administrativo del Hospital General \u201cDr. Miguel Silva\u201d en el marco de los festejos del CXIV Aniversario.<\/p>\n<p>&nbsp;<\/p>\n<p>Ah\u00ed, el secretario de Salud hizo una remembranza hist\u00f3rica sobre la transici\u00f3n en la reforma del sistema nacional de salud, donde en 1983 se establece el derecho a la salud, as\u00ed en las d\u00e9cadas de 1980 y 1990 se descentralizan los servicios y en 2003 se reforma la ley y se establece el Sistema de Protecci\u00f3n Social en Salud (SPSS).<\/p>\n<p>&nbsp;<\/p>\n<p>Ante esta reforma de ley, el reto de la SSM es lograr una cobertura efectiva de los servicios de salud para la poblaci\u00f3n y la calidad universal en los mismos.<\/p>\n<p>&nbsp;<\/p>\n<p>Aranza Doniz se\u00f1al\u00f3 que, de acuerdo a las metas establecidas para el 2015, el reto es mantener un padr\u00f3n de beneficiarios, en el programa PROSPERA, de 783 mil 058, adem\u00e1s de reafiliar 497 mil 555 derecho habientes antes de que concluya el a\u00f1o.<\/p>\n<p>&nbsp;<\/p>\n<p>Destac\u00f3, que el seguro popular ha tenido cambios y transformaciones importantes desde su creaci\u00f3n, gracias a estos cambios se puede medir el impacto en el servicio que se brinda a los usuarios, para ver las deficiencias del seguro y as\u00ed corregirlas hasta lograr la calidad del servicio.<\/p>\n<p>&nbsp;<\/p>\n<p>Lo anterior, se realiza a trav\u00e9s de un modelo de supervisi\u00f3n y seguimiento estatal de servicios de salud (MOSSESS), el cual es un apoyo para analizar y documentar las posibles \u00e1reas de oportunidad de las unidades de salud en la aplicaci\u00f3n de las diferentes carteras del sistema como son: Fondo de Protecci\u00f3n contra Gastos Catastr\u00f3ficos, Seguro M\u00e9dico Siglo XXI \u00a0y Causes.<\/p>\n<p>&nbsp;<\/p>\n<p>El titular de la salud en la entidad finaliz\u00f3, \u201ccomo servidores p\u00fablicos necesitamos saber c\u00f3mo opera el seguro popular y c\u00f3mo tenemos que trasmitir la informaci\u00f3n a nuestros pacientes, ese el objetivo\u201d.<\/p>\n","protected":false},"excerpt":{"rendered":"<p>Reducir la distancia en los procesos de los servicios de salud a trav\u00e9s de un acceso real, oportuno y con calidad para toda la poblaci\u00f3n michoacana, es una de las prioridades de la Secretar\u00eda de Salud en Michoac\u00e1n, puntualiz\u00f3 el titular en la materia, Carlos Aranza Doniz, <\/p>\n","protected":false},"author":1,"featured_media":16805,"comment_status":"open","ping_status":"open","sticky":false,"template":"","format":"standard","meta":{"footnotes":""},"categories":[14,3],"tags":[],"class_list":["post-16804","post","type-post","status-publish","format-standard","has-post-thumbnail","hentry","category-destacadas","category-gobierno-del-estado-de-michoacan"],"_links":{"self":[{"href":"https:\/\/radiowebmx.com\/nota\/wp-json\/wp\/v2\/posts\/16804","targetHints":{"allow":["GET"]}}],"collection":[{"href":"https:\/\/radiowebmx.com\/nota\/wp-json\/wp\/v2\/posts"}],"about":[{"href":"https:\/\/radiowebmx.com\/nota\/wp-json\/wp\/v2\/types\/post"}],"author":[{"embeddable":true,"href":"https:\/\/radiowebmx.com\/nota\/wp-json\/wp\/v2\/users\/1"}],"replies":[{"embeddable":true,"href":"https:\/\/radiowebmx.com\/nota\/wp-json\/wp\/v2\/comments?post=16804"}],"version-history":[{"count":1,"href":"https:\/\/radiowebmx.com\/nota\/wp-json\/wp\/v2\/posts\/16804\/revisions"}],"predecessor-version":[{"id":16806,"href":"https:\/\/radiowebmx.com\/nota\/wp-json\/wp\/v2\/posts\/16804\/revisions\/16806"}],"wp:featuredmedia":[{"embeddable":true,"href":"https:\/\/radiowebmx.com\/nota\/wp-json\/wp\/v2\/media\/16805"}],"wp:attachment":[{"href":"https:\/\/radiowebmx.com\/nota\/wp-json\/wp\/v2\/media?parent=16804"}],"wp:term":[{"taxonomy":"category","embeddable":true,"href":"https:\/\/radiowebmx.com\/nota\/wp-json\/wp\/v2\/categories?post=16804"},{"taxonomy":"post_tag","embeddable":true,"href":"https:\/\/radiowebmx.com\/nota\/wp-json\/wp\/v2\/tags?post=16804"}],"curies":[{"name":"wp","href":"https:\/\/api.w.org\/{rel}","templated":true}]}}