{"id":16801,"date":"2015-07-17T15:22:55","date_gmt":"2015-07-17T20:22:55","guid":{"rendered":"https:\/\/radiowebmx.com\/nota\/?p=16801"},"modified":"2015-07-17T15:22:55","modified_gmt":"2015-07-17T20:22:55","slug":"llama-salvador-jara-a-michoacanos-a-contribuir-en-mejorar-la-percepcion-del-estado","status":"publish","type":"post","link":"https:\/\/radiowebmx.com\/nota\/llama-salvador-jara-a-michoacanos-a-contribuir-en-mejorar-la-percepcion-del-estado\/","title":{"rendered":"LLAMA SALVADOR JARA A MICHOACANOS A CONTRIBUIR EN MEJORAR LA PERCEPCI\u00d3N DEL ESTADO"},"content":{"rendered":"<p>El turismo es una de las principales vocaciones del estado y aunque las cifras en el n\u00famero de visitantes han repuntado, nos falta mucho por avanzar, por lo que tenemos que trabajar en uno de los principales temas que es la percepci\u00f3n, ser conscientes de que lo que hablamos se escucha a nivel nacional e internacional; pensar y valorar qu\u00e9 nos hace bien y qu\u00e9 nos hace mal; apunt\u00f3 el gobernador Salvador Jara Guerrero ante un nutrido grupo de empresarios michoacanos del ramo tur\u00edstico.<\/p>\n<p>Al tomar protesta a la nueva mesa directiva de la Asociaci\u00f3n de Hoteles y Moteles del Estado de Michoac\u00e1n (Ahmemac), en que repite como presidente Agust\u00edn Arriaga Diez, el mandatario reconoci\u00f3 la labor que este gremio ha desempe\u00f1ado por el desarrollo del estado, sobre todo porque se trata de empresarios \u201cque quieren a Michoac\u00e1n y se han quedado a invertir en Michoac\u00e1n\u201d, ejemplo que dijo, debe ser tomado en cuenta.<\/p>\n<p>Tambi\u00e9n sobre la percepci\u00f3n del estado, Agust\u00edn Arriaga coment\u00f3: \u201cVivir en Michoac\u00e1n es un privilegio. Empezamos a ver cambios positivos en la din\u00e1mica tur\u00edstica de nuestro estado y nuestro reto es comunicar eficazmente, ante M\u00e9xico y el mundo, la imagen de Michoac\u00e1n como todos deseamos, pero aprovechando las ventajas de tener un destino tur\u00edstico \u00fanico a nivel mundial como es nuestro estado\u201d.<\/p>\n<p>Jara Guerrero destac\u00f3 la unidad y trabajo conjunto que ha caracterizado a los hoteleros a lo largo de los 60 a\u00f1os de existencia de la asociaci\u00f3n, por lo que apunt\u00f3, en su gesti\u00f3n se trabaja para dejar a las nuevas autoridades mejores condiciones, y mencion\u00f3 que ha estado en comunicaci\u00f3n con el gobernador electo Silvano Aureoles y su equipo de trabajo, a quienes \u201cno esconderemos ninguna informaci\u00f3n; nos conviene a todos que nos vaya bien y lo que queremos es que le vaya bien al nuevo gobierno, ayudarle, no obstaculizarle el trabajo\u201d.<\/p>\n<p><b>MICHOAC\u00c1N TIENE TODO PARA SER IM\u00c1N DEL TURISMO<\/b><\/p>\n<p>Durante la ceremonia, el presidente de la Asociaci\u00f3n Mexicana de Hoteles y Moteles, Rafael Garc\u00eda Gonz\u00e1lez, reconoci\u00f3 el apoyo del gobernador Salvador Jara hacia el gremio hotelero y la industria tur\u00edstica, que es clave del desarrollo del pa\u00eds; as\u00ed como a Carlos \u00c1vila Pedraza, secretario de Turismo estatal, que siempre ha estado involucrado en el buen desempe\u00f1o de la industria sin chimeneas.<\/p>\n<p>Refiri\u00f3 que el pa\u00eds tiene como meta este a\u00f1o recibir a los 30 millones de turistas que se estima visitar\u00e1n el territorio mexicano, y en ese tenor, resalt\u00f3 la vocaci\u00f3n de nuestra entidad en la materia; \u201cMichoac\u00e1n tiene todo para ser im\u00e1n del turismo. Trabajemos con entusiasmo y hablemos siempre bien de M\u00e9xico\u201d.<\/p>\n<p>El presidente de la Ahmemac, Agust\u00edn Arriaga, tambi\u00e9n reconoci\u00f3 el respaldo del gobierno que encabeza Salvador Jara para desarrollar el turismo en el estado, \u201cque con hechos concretos ha cumplido lo que comprometi\u00f3 en su periodo\u201d, as\u00ed como el titular de la Sectur estatal Carlos \u00c1vila, \u201cpor ser un funcionario moderno y eficaz con quien siempre hemos conformado equipo\u201d.<\/p>\n<p>Arriaga Diez mencion\u00f3 que la asociaci\u00f3n cuenta con 167 establecimientos afiliados y m\u00e1s de 7 mil habitaciones, con lo cual se coloca en sexto lugar a nivel nacional en cuanto a capacidad de hospedaje. Se\u00f1al\u00f3 como una acci\u00f3n impostergable la creaci\u00f3n de un nuevo centro de convenciones para Morelia; continuar una mayor promoci\u00f3n de las ferias y festivales de la entidad, as\u00ed como de las rutas ya establecidas, y consider\u00f3 a la capacitaci\u00f3n y educaci\u00f3n como herramientas fundamentales.<\/p>\n<p>En este contexto, se entregaron reconocimientos por m\u00e1s de 50 a\u00f1os de servicio en la hoteler\u00eda y por impulsar la mejora de este gremio a trabajadores y empresarios de diversos municipios del estado.<\/p>\n<p>Estuvieron presentes en este evento, el presidente municipal de Morelia, Salvador Abud Mirabent; \u00a0el diputado Jos\u00e9 Humberto Mart\u00ednez Morales, en representaci\u00f3n del Poder Legislativo local; general Francisco Morales C\u00e1zares, comandante de la XXI Zona Militar; Carlos \u00c1vila Pedraza, secretario de Turismo estatal; Arcadio M\u00e9ndez Hurtado, presidente del Consejo Coordinador Empresarial de Michoac\u00e1n; Antonio Soto S\u00e1nchez, representante del gobernador electo Silvano Aureoles Conejo; Alfonso Mart\u00ednez Alc\u00e1zar, presidente municipal electo de Morelia; el diputado Marco Trejo Pureco, presidente de la Comisi\u00f3n de Turismo en el Congreso local, por mencionar algunos.<\/p>\n","protected":false},"excerpt":{"rendered":"<p>El turismo es una de las principales vocaciones del estado y aunque las cifras en el n\u00famero de visitantes han repuntado, nos falta mucho por avanzar, por lo que tenemos que trabajar en uno de los principales temas que es la percepci\u00f3n, ser conscientes de que lo que hablamos se escucha a nivel nacional e internacional; <\/p>\n","protected":false},"author":1,"featured_media":16802,"comment_status":"open","ping_status":"open","sticky":false,"template":"","format":"standard","meta":{"footnotes":""},"categories":[14,3],"tags":[],"class_list":["post-16801","post","type-post","status-publish","format-standard","has-post-thumbnail","hentry","category-destacadas","category-gobierno-del-estado-de-michoacan"],"_links":{"self":[{"href":"https:\/\/radiowebmx.com\/nota\/wp-json\/wp\/v2\/posts\/16801","targetHints":{"allow":["GET"]}}],"collection":[{"href":"https:\/\/radiowebmx.com\/nota\/wp-json\/wp\/v2\/posts"}],"about":[{"href":"https:\/\/radiowebmx.com\/nota\/wp-json\/wp\/v2\/types\/post"}],"author":[{"embeddable":true,"href":"https:\/\/radiowebmx.com\/nota\/wp-json\/wp\/v2\/users\/1"}],"replies":[{"embeddable":true,"href":"https:\/\/radiowebmx.com\/nota\/wp-json\/wp\/v2\/comments?post=16801"}],"version-history":[{"count":1,"href":"https:\/\/radiowebmx.com\/nota\/wp-json\/wp\/v2\/posts\/16801\/revisions"}],"predecessor-version":[{"id":16803,"href":"https:\/\/radiowebmx.com\/nota\/wp-json\/wp\/v2\/posts\/16801\/revisions\/16803"}],"wp:featuredmedia":[{"embeddable":true,"href":"https:\/\/radiowebmx.com\/nota\/wp-json\/wp\/v2\/media\/16802"}],"wp:attachment":[{"href":"https:\/\/radiowebmx.com\/nota\/wp-json\/wp\/v2\/media?parent=16801"}],"wp:term":[{"taxonomy":"category","embeddable":true,"href":"https:\/\/radiowebmx.com\/nota\/wp-json\/wp\/v2\/categories?post=16801"},{"taxonomy":"post_tag","embeddable":true,"href":"https:\/\/radiowebmx.com\/nota\/wp-json\/wp\/v2\/tags?post=16801"}],"curies":[{"name":"wp","href":"https:\/\/api.w.org\/{rel}","templated":true}]}}