{"id":16786,"date":"2015-07-16T11:54:49","date_gmt":"2015-07-16T16:54:49","guid":{"rendered":"https:\/\/radiowebmx.com\/nota\/?p=16786"},"modified":"2015-07-16T11:54:49","modified_gmt":"2015-07-16T16:54:49","slug":"trabajos-de-investigacion-realizados-por-personal-de-la-procuraduria-general-de-justicia-del-estado-de-michoacan-lograron-ubicar-y-reunir-con-sus-familiares-a-una-menor-de-12-anos-de-edad-que-habia-s","status":"publish","type":"post","link":"https:\/\/radiowebmx.com\/nota\/trabajos-de-investigacion-realizados-por-personal-de-la-procuraduria-general-de-justicia-del-estado-de-michoacan-lograron-ubicar-y-reunir-con-sus-familiares-a-una-menor-de-12-anos-de-edad-que-habia-s\/","title":{"rendered":"Trabajos de investigaci\u00f3n realizados por personal de la Procuradur\u00eda General de Justicia del Estado  de Michoac\u00e1n lograron ubicar y reunir con sus familiares a una menor de 12 a\u00f1os de edad que hab\u00eda sido reportada como desaparecida desde el pasado d\u00eda 09 de julio del presente a\u00f1o."},"content":{"rendered":"<p>Con la representaci\u00f3n del gobernador del estado, Salvador Jara Guerrero, el secretario de Desarrollo Rural, Eugenio C. Trevi\u00f1o Garc\u00eda presidi\u00f3 la Tercera Sesi\u00f3n Ordinaria del Consejo Estatal para el Desarrollo Rural Integral Sustentable (CEDRIS).<\/p>\n<p>El funcionario estatal fue el encargado de dar la bienvenida, declaraci\u00f3n del qu\u00f3rum legal e instalaci\u00f3n de la tercera sesi\u00f3n del CEDRIS y aprobaci\u00f3n del orden del d\u00eda.<\/p>\n<p>Por su parte, Jaime Rodr\u00edguez L\u00f3pez, delegado federal de la Secretar\u00eda de Agricultura, Ganader\u00eda, Desarrollo Rural, Pesca y Alimentaci\u00f3n (Sagarpa), en su car\u00e1cter de secretario T\u00e9cnico del CEDRIS, dio la presentaci\u00f3n de la lista de asistencia.<\/p>\n<p>En el marco de la reuni\u00f3n, Jos\u00e9 Noguez Salda\u00f1a, delegado federal de la Secretar\u00eda de Trabajo y Previsi\u00f3n Social, dio a conocer la estrategia de atenci\u00f3n para erradicar el trabajo infantil como jornaleros agr\u00edcolas.<\/p>\n<p>Otro tema a tratarse en la reuni\u00f3n fue el riesgo y los efectos negativos\u00a0 en la salud por el uso de plaguicidas,\u00a0 cuando no se tienen las\u00a0 medidas de seguridad necesarias.<\/p>\n<p>En este sentido,\u00a0 Alejandro Molina Garc\u00eda, comisionado estatal para la Protecci\u00f3n contra Riesgo Sanitario, inform\u00f3 que para proteger la salud de la poblaci\u00f3n, que directa o indirectamente est\u00e1 expuesta \u00a0a riegos sanitarios por el uso de plaguicidas, se informa sobre el manejo correcto y protecci\u00f3n contra plaguicidas.<\/p>\n<p>En su intervenci\u00f3n, Martha X\u00f3chitl Flores Estrada,\u00a0 presidenta de Fundaci\u00f3n Produce Michoac\u00e1n, expuso el enfoque estrat\u00e9gico para la reconversi\u00f3n de los agroecosistemas y adopci\u00f3n al cambio clim\u00e1tico.<\/p>\n<p>Por su parte, H\u00e9ctor Manuel Tinoco, representante de la C\u00e1mara Nacional de la Industria de la Transformaci\u00f3n (Canacintra),\u00a0 expuso que Financiera Emprendedores, es una alternativa de financiamiento y pr\u00f3ximamente se convertir\u00e1 en Banco.<\/p>\n<p>&#8220;Banco de nicho de Canacintra&#8221;, pretender\u00e1 cubrir las necesidades de financiamiento preferentemente de las pymes afiliadas a Canacintra, puntualiz\u00f3 H\u00e9ctor Tinoco.<\/p>\n<p>Por otro lado, el director de Vinculaci\u00f3n del Instituto Nacional de Investigaciones Forestales, Agr\u00edcolas y Pecuarias (Inifap), V\u00edctor Manuel Coria \u00c1valos, en su exposici\u00f3n inform\u00f3 del pron\u00f3stico clim\u00e1tico de lluvias, haciendo referencia que a la fecha se contin\u00faa con el Fen\u00f3meno &#8220;El Ni\u00f1o&#8221;.<\/p>\n<p>Para finalizar con las intervenciones en la tercera sesi\u00f3n del CEDRIS, Vidal Quintana Equihua, secretario T\u00e9cnico de la Secretar\u00eda de Desarrollo Rural (SEDRU), inform\u00f3 de los avances del mapa digital, herramienta tecnol\u00f3gica que ayuda a gestionar, integrar y analizar cualquier informaci\u00f3n relacionada a una localizaci\u00f3n geogr\u00e1fica o espacial del territorio agropecuario, silv\u00edcola y pesquero relacionado con la tenencia de la tierra.<\/p>\n<p>Estuvieron presentes funcionarios estatales, federales, autoridades del sector salud, educativo, productores agropecuarios, organizaciones campesinas, entre otros.<\/p>\n","protected":false},"excerpt":{"rendered":"<p>Con la representaci\u00f3n del gobernador del estado, Salvador Jara Guerrero, el secretario de Desarrollo Rural, Eugenio C. Trevi\u00f1o Garc\u00eda presidi\u00f3 la Tercera Sesi\u00f3n Ordinaria del Consejo Estatal para el Desarrollo Rural Integral Sustentable (CEDRIS).<\/p>\n","protected":false},"author":1,"featured_media":16787,"comment_status":"open","ping_status":"open","sticky":false,"template":"","format":"standard","meta":{"footnotes":""},"categories":[14,3],"tags":[],"class_list":["post-16786","post","type-post","status-publish","format-standard","has-post-thumbnail","hentry","category-destacadas","category-gobierno-del-estado-de-michoacan"],"_links":{"self":[{"href":"https:\/\/radiowebmx.com\/nota\/wp-json\/wp\/v2\/posts\/16786","targetHints":{"allow":["GET"]}}],"collection":[{"href":"https:\/\/radiowebmx.com\/nota\/wp-json\/wp\/v2\/posts"}],"about":[{"href":"https:\/\/radiowebmx.com\/nota\/wp-json\/wp\/v2\/types\/post"}],"author":[{"embeddable":true,"href":"https:\/\/radiowebmx.com\/nota\/wp-json\/wp\/v2\/users\/1"}],"replies":[{"embeddable":true,"href":"https:\/\/radiowebmx.com\/nota\/wp-json\/wp\/v2\/comments?post=16786"}],"version-history":[{"count":1,"href":"https:\/\/radiowebmx.com\/nota\/wp-json\/wp\/v2\/posts\/16786\/revisions"}],"predecessor-version":[{"id":16788,"href":"https:\/\/radiowebmx.com\/nota\/wp-json\/wp\/v2\/posts\/16786\/revisions\/16788"}],"wp:featuredmedia":[{"embeddable":true,"href":"https:\/\/radiowebmx.com\/nota\/wp-json\/wp\/v2\/media\/16787"}],"wp:attachment":[{"href":"https:\/\/radiowebmx.com\/nota\/wp-json\/wp\/v2\/media?parent=16786"}],"wp:term":[{"taxonomy":"category","embeddable":true,"href":"https:\/\/radiowebmx.com\/nota\/wp-json\/wp\/v2\/categories?post=16786"},{"taxonomy":"post_tag","embeddable":true,"href":"https:\/\/radiowebmx.com\/nota\/wp-json\/wp\/v2\/tags?post=16786"}],"curies":[{"name":"wp","href":"https:\/\/api.w.org\/{rel}","templated":true}]}}