{"id":16749,"date":"2015-07-15T12:08:38","date_gmt":"2015-07-15T17:08:38","guid":{"rendered":"https:\/\/radiowebmx.com\/nota\/?p=16749"},"modified":"2015-07-15T12:08:38","modified_gmt":"2015-07-15T17:08:38","slug":"supuesto-elemento-de-la-fuerza-rural-desaparecido-en-apatzingan-no-forma-parte-de-ninguna-corporacion-policiaca-puntualiza-ssp","status":"publish","type":"post","link":"https:\/\/radiowebmx.com\/nota\/supuesto-elemento-de-la-fuerza-rural-desaparecido-en-apatzingan-no-forma-parte-de-ninguna-corporacion-policiaca-puntualiza-ssp\/","title":{"rendered":"SUPUESTO ELEMENTO DE LA FUERZA RURAL DESAPARECIDO EN APATZING\u00c1N, NO FORMA PARTE DE NINGUNA CORPORACI\u00d3N POLICIACA, PUNTUALIZA SSP"},"content":{"rendered":"<p>La Fiscal\u00eda Regional de Apatzing\u00e1n inici\u00f3 Averiguaci\u00f3n Previa con relaci\u00f3n a la denuncia de desaparici\u00f3n de la persona identificada como Arsenio Hinojosa Mendoza, quien a decir de su esposa, ayer sali\u00f3 de su domicilio en compa\u00f1\u00eda de otra persona identificada como Gabriel Torres S\u00e1nchez con la finalidad de dirigirse al municipio de \u00daspero a efecto de comercializar un veh\u00edculo.<\/p>\n<p>Durante los primeros minutos de hoy la representaci\u00f3n social recibi\u00f3 la denuncia y enseguida dio inicio a las investigaciones correspondientes y tendientes a la ubicaci\u00f3n de las dos personas.<\/p>\n<p>Debido a que versiones period\u00edsticas se refieren a Arsenio Hinojosa como miembro \u00a0de la Fuerza Rural en Apatzing\u00e1n, \u00a0la Secretar\u00eda de Seguridad P\u00fablica del estado realiz\u00f3 una revisi\u00f3n de la plantilla de elementos activos en las fuerzas polic\u00edas estatales, con base en la cual precisa lo siguiente:<\/p>\n<p>Arsenio Hinojosa\u00a0 Mendoza estuvo inscrito como aspirante a formar parte de la Fuerza Rural; sin embargo, no caus\u00f3 alta como elemento activo de\u00a0 la SSP Michoac\u00e1n, debido a que no acredit\u00f3 las pruebas del Centro de Control y Confianza (C3).<\/p>\n<p>Por lo anterior, la Secretar\u00eda de Seguridad P\u00fablica de Michoac\u00e1n puntualiza que no existe ning\u00fan v\u00ednculo laboral con esta persona, a quien se hace referencia como miembro activo de la Fuerza Rural de Apatzing\u00e1n.<\/p>\n<p>&nbsp;<\/p>\n","protected":false},"excerpt":{"rendered":"<p>La Fiscal\u00eda Regional de Apatzing\u00e1n inici\u00f3 Averiguaci\u00f3n Previa con relaci\u00f3n a la denuncia de desaparici\u00f3n de la persona identificada como Arsenio Hinojosa Mendoza, quien a decir de su esposa, ayer sali\u00f3 de su domicilio en compa\u00f1\u00eda de otra persona identificada como Gabriel Torres S\u00e1nchez con la finalidad de dirigirse al municipio de \u00daspero a efecto de comercializar un veh\u00edculo.<\/p>\n","protected":false},"author":1,"featured_media":0,"comment_status":"open","ping_status":"open","sticky":false,"template":"","format":"standard","meta":{"footnotes":""},"categories":[3],"tags":[],"class_list":["post-16749","post","type-post","status-publish","format-standard","hentry","category-gobierno-del-estado-de-michoacan"],"_links":{"self":[{"href":"https:\/\/radiowebmx.com\/nota\/wp-json\/wp\/v2\/posts\/16749","targetHints":{"allow":["GET"]}}],"collection":[{"href":"https:\/\/radiowebmx.com\/nota\/wp-json\/wp\/v2\/posts"}],"about":[{"href":"https:\/\/radiowebmx.com\/nota\/wp-json\/wp\/v2\/types\/post"}],"author":[{"embeddable":true,"href":"https:\/\/radiowebmx.com\/nota\/wp-json\/wp\/v2\/users\/1"}],"replies":[{"embeddable":true,"href":"https:\/\/radiowebmx.com\/nota\/wp-json\/wp\/v2\/comments?post=16749"}],"version-history":[{"count":1,"href":"https:\/\/radiowebmx.com\/nota\/wp-json\/wp\/v2\/posts\/16749\/revisions"}],"predecessor-version":[{"id":16750,"href":"https:\/\/radiowebmx.com\/nota\/wp-json\/wp\/v2\/posts\/16749\/revisions\/16750"}],"wp:attachment":[{"href":"https:\/\/radiowebmx.com\/nota\/wp-json\/wp\/v2\/media?parent=16749"}],"wp:term":[{"taxonomy":"category","embeddable":true,"href":"https:\/\/radiowebmx.com\/nota\/wp-json\/wp\/v2\/categories?post=16749"},{"taxonomy":"post_tag","embeddable":true,"href":"https:\/\/radiowebmx.com\/nota\/wp-json\/wp\/v2\/tags?post=16749"}],"curies":[{"name":"wp","href":"https:\/\/api.w.org\/{rel}","templated":true}]}}