{"id":16737,"date":"2015-07-15T11:57:18","date_gmt":"2015-07-15T16:57:18","guid":{"rendered":"https:\/\/radiowebmx.com\/nota\/?p=16737"},"modified":"2015-07-15T11:57:18","modified_gmt":"2015-07-15T16:57:18","slug":"proam-a-mas-del-50-por-ciento-de-la-meta-establecida","status":"publish","type":"post","link":"https:\/\/radiowebmx.com\/nota\/proam-a-mas-del-50-por-ciento-de-la-meta-establecida\/","title":{"rendered":"PROAM A M\u00c1S DEL 50 POR CIENTO DE LA META ESTABLECIDA"},"content":{"rendered":"<p>Como parte de las acciones de\u00a0 verificaci\u00f3n del cumplimiento de la normatividad en materia de impacto ambiental y evitar los efectos negativos en el entorno natural, la Procuradur\u00eda de Protecci\u00f3n al Ambiente (ProAm), que encabeza Arturo Guzm\u00e1n \u00c1brego, ha cumplido con poco m\u00e1s del 50 por cierto de la meta establecida en lo que va del a\u00f1o.<b><\/b><\/p>\n<p>En ese sentido, la Subdirecci\u00f3n de lo Contencioso Ambiental ha llevado a cabo, del mes de enero a la fecha, un total de 950 acciones que derivan de acuerdos de sustanciaci\u00f3n de procedimientos administrativos, notificaciones, resoluciones de nulidad o recursos, contestaciones de amparo o convenios derivados de procedimientos administrativos de inspecci\u00f3n y vigilancia, estas acciones son derivadas de las distintas denuncias y procedimientos por oficio que lleva a cabo la procuradur\u00eda.<\/p>\n<p>Guzm\u00e1n \u00c1brego puntualiz\u00f3 que \u201ca pesar de las carencias estamos cumpliendo en los t\u00e9rminos, el grupo de abogados del \u00e1rea de contencioso est\u00e1 sacando el trabajo, vamos bien, vamos cumpliendo con m\u00e1s del 50 por ciento de las metas establecidas y se pretende que esta administraci\u00f3n entregue buenas cuentas a la siguiente\u201d.<\/p>\n<p>La Procuradur\u00eda de Protecci\u00f3n al Ambiente ha sumado\u00a0 48 mil 947 pesos al fondo ambiental, el cual es administrado por la Secretar\u00eda de Urbanismo y Medio Ambiente (SUMA) y se destina a distintos proyectos ambientales en el estado.<\/p>\n","protected":false},"excerpt":{"rendered":"<p>Como parte de las acciones de  verificaci\u00f3n del cumplimiento de la normatividad en materia de impacto ambiental y evitar los efectos negativos en el entorno natural, la ProAm, que encabeza Arturo Guzm\u00e1n \u00c1brego, ha cumplido con poco m\u00e1s del 50 por cierto de la meta establecida en lo que va del a\u00f1o.<\/p>\n","protected":false},"author":1,"featured_media":16738,"comment_status":"open","ping_status":"open","sticky":false,"template":"","format":"standard","meta":{"footnotes":""},"categories":[14,3],"tags":[],"class_list":["post-16737","post","type-post","status-publish","format-standard","has-post-thumbnail","hentry","category-destacadas","category-gobierno-del-estado-de-michoacan"],"_links":{"self":[{"href":"https:\/\/radiowebmx.com\/nota\/wp-json\/wp\/v2\/posts\/16737","targetHints":{"allow":["GET"]}}],"collection":[{"href":"https:\/\/radiowebmx.com\/nota\/wp-json\/wp\/v2\/posts"}],"about":[{"href":"https:\/\/radiowebmx.com\/nota\/wp-json\/wp\/v2\/types\/post"}],"author":[{"embeddable":true,"href":"https:\/\/radiowebmx.com\/nota\/wp-json\/wp\/v2\/users\/1"}],"replies":[{"embeddable":true,"href":"https:\/\/radiowebmx.com\/nota\/wp-json\/wp\/v2\/comments?post=16737"}],"version-history":[{"count":1,"href":"https:\/\/radiowebmx.com\/nota\/wp-json\/wp\/v2\/posts\/16737\/revisions"}],"predecessor-version":[{"id":16739,"href":"https:\/\/radiowebmx.com\/nota\/wp-json\/wp\/v2\/posts\/16737\/revisions\/16739"}],"wp:featuredmedia":[{"embeddable":true,"href":"https:\/\/radiowebmx.com\/nota\/wp-json\/wp\/v2\/media\/16738"}],"wp:attachment":[{"href":"https:\/\/radiowebmx.com\/nota\/wp-json\/wp\/v2\/media?parent=16737"}],"wp:term":[{"taxonomy":"category","embeddable":true,"href":"https:\/\/radiowebmx.com\/nota\/wp-json\/wp\/v2\/categories?post=16737"},{"taxonomy":"post_tag","embeddable":true,"href":"https:\/\/radiowebmx.com\/nota\/wp-json\/wp\/v2\/tags?post=16737"}],"curies":[{"name":"wp","href":"https:\/\/api.w.org\/{rel}","templated":true}]}}