{"id":16733,"date":"2015-07-15T11:42:34","date_gmt":"2015-07-15T16:42:34","guid":{"rendered":"https:\/\/radiowebmx.com\/nota\/?p=16733"},"modified":"2015-07-15T11:42:34","modified_gmt":"2015-07-15T16:42:34","slug":"mas-de-120-equipos-de-todo-el-pais-le-daran-vida-al-festival-infantil-de-voleibol-2015-profr-alejandro-salinas-de-la-garza","status":"publish","type":"post","link":"https:\/\/radiowebmx.com\/nota\/mas-de-120-equipos-de-todo-el-pais-le-daran-vida-al-festival-infantil-de-voleibol-2015-profr-alejandro-salinas-de-la-garza\/","title":{"rendered":"M\u00c1S DE 120 EQUIPOS DE TODO EL PA\u00cdS, LE DAR\u00c1N VIDA AL FESTIVAL INFANTIL DE VOLEIBOL 2015 \u201cPROFR. ALEJANDRO SALINAS DE LA GARZA\u201d"},"content":{"rendered":"<p>La Comisi\u00f3n Estatal de Cultura F\u00edsica y Deporte (Cecufid), en coordinaci\u00f3n con la Asociaci\u00f3n Michoacana de Voleibol, presentaron el Festival Infantil de Voleibol 2015 \u201cProfr. Alejandro Salinas de la Garza\u201d, torneo que se realizar\u00e1 por tercera ocasi\u00f3n en la capital michoacana, del 21 al 26 de julio, en fiesta deportiva en la que se espera una participaci\u00f3n superior a los mil 200 jugadores de m\u00e1s de 120 equipos de las 32 entidades del pa\u00eds.<\/p>\n<p>Ruth Huipe Estrada, titular de la Cecufid, en compa\u00f1\u00eda de Leonel Cipriano Gonz\u00e1lez, presidente de la Asociaci\u00f3n Michoacana de Voleibol, adem\u00e1s de Rams\u00e9s Barajas Mondrag\u00f3n, Subdirector de la Cecufid y Francisco Villeda Lemus, jefe del departamento del Deporte Social, realizaron la presentaci\u00f3n del m\u00e1ximo torneo de voleibol en M\u00e9xico para las categor\u00edas infantiles de 8 a los 12 a\u00f1os.<\/p>\n<p>Huipe Estrada manifest\u00f3 que gracias a la confianza de la Federaci\u00f3n Mexicana de Voleibol y al trabajo en conjunto con la Asociaci\u00f3n Michoacana de Voleibol, Morelia ser\u00e1 sede por tercera ocasi\u00f3n del festival nacional infantil que lleva por nombre \u201cProfr. Alejandro Salinas de la Garza\u201d, quien fuera destacado volibolista mexicano y miembro del sal\u00f3n de la fama de la disciplina, ya fallecido y quien hizo destacados aportes al voleibol continental.<\/p>\n<p>\u201cEstamos listos para ser sede del Festival Infantil de Voleibol que es uno de los m\u00e1s grandes torneos que se realizan cada a\u00f1o en M\u00e9xico y que es sin duda, toda una fiesta deportiva en la que cientos de ni\u00f1as y ni\u00f1os de todo el pa\u00eds empiezan su camino por el voleibol. M\u00e1s que una competencia es una gran convivencia deportiva y en la que el Gobierno de Michoac\u00e1n, a trav\u00e9s de la Cecufid, apoyar\u00e1 en su organizaci\u00f3n, adem\u00e1s de que este festival va a contribuir con atraer a m\u00e1s turismo, ya que no solamente nos visitar\u00e1n las jugadoras y jugadores, sino tambi\u00e9n sus pap\u00e1s, hermanos y abuelitos, por lo que habr\u00e1 una fuerte derrama econ\u00f3mica en la entidad\u201d, explic\u00f3.<\/p>\n<p>Por su parte Leonel Cipriano Gonz\u00e1lez, presidente de la Asociaci\u00f3n Michoacana de Voleibol, detall\u00f3 los aspectos t\u00e9cnicos de la competencia.<\/p>\n<p>Inform\u00f3 que los m\u00e1s de 120 equipos participar\u00e1n en las categor\u00edas de Mini Voleibol para todos aquellos jugadores de los 8 y 10 a\u00f1os; as\u00ed como la categor\u00eda Infantil Menor para los voleibolistas de los 11 y 12 a\u00f1os, tanto en la rama femenil como varonil.<\/p>\n<p>Detall\u00f3 que las habr\u00e1 ocho sedes de competencia que ser\u00e1n: las duelas del Auditorio Municipal, Cecufid, Auditorio de Usos M\u00faltiples de la UMNSH, CDER, Tecnol\u00f3gico de Morelia, ENEF, UVAQ y ENUF.<\/p>\n<p>Se\u00f1al\u00f3 que ser\u00e1n 12 las escuadras que representar\u00e1n a Michoac\u00e1n, es decir 10 en la rama femenil y dos de la rama varonil. En la categor\u00eda Mini Voleibol Femenil, estar\u00e1n defendiendo los colores de la entidad los equipos de la Liga Morelia, Los Reyes, Nueva Italia y Teij\u00edn Morelia.<\/p>\n<p>Por su parte en la categor\u00eda Infantil Menor Femenil, jugar\u00e1n los conjuntos representativos de las ligas de Uruapan, Morelia y Los Reyes, adem\u00e1s de dos equipos de Teij\u00edn Morelia, adem\u00e1s de las sextetas de la rama varonil de Apatzing\u00e1n y Teij\u00edn Morelia que estar\u00e1n presentes en la categor\u00eda Infantil Menor de los 11-12 a\u00f1os.<\/p>\n<p>\u201cEl festival busca varios objetivos entre los que destacan el impulsar el desarrollo del voleibol desde edades tempranas y por eso participan un gran n\u00famero de equipos de todo el pa\u00eds. Sirve tambi\u00e9n para detectar talentos deportivos en la materia y que en base a entrenamiento y a explotar sus cualidades sean los pr\u00f3ximos seleccionados de sus estados.\u00a0 Adem\u00e1s de que nos ayuda en fomentar la sana convivencia y a promover el turismo deportivo para una buena derrama econ\u00f3mica en la entidad\u201d, asegur\u00f3 Cipriano Gonz\u00e1lez.<\/p>\n<p>Mencion\u00f3 que la ceremonia de inauguraci\u00f3n se tiene programada a realizarse el pr\u00f3ximo 21 de julio a las 19:00 horas en el Gimnasio de Usos M\u00faltiples de la Universidad Michoacana de San Nicol\u00e1s de Hidalgo (UMSNH) y en la que estar\u00e1n presentes los m\u00e1s de mil 200 jugadores de todo el pa\u00eds.<\/p>\n","protected":false},"excerpt":{"rendered":"<p>La Comisi\u00f3n Estatal de Cultura F\u00edsica y Deporte (Cecufid), en coordinaci\u00f3n con la Asociaci\u00f3n Michoacana de Voleibol, presentaron el Festival Infantil de Voleibol 2015 \u201cProfr. Alejandro Salinas de la Garza\u201d, torneo que se realizar\u00e1 por tercera ocasi\u00f3n en la capital michoacana, del 21 al 26 de julio,<\/p>\n","protected":false},"author":1,"featured_media":16734,"comment_status":"open","ping_status":"open","sticky":false,"template":"","format":"standard","meta":{"footnotes":""},"categories":[14,3],"tags":[],"class_list":["post-16733","post","type-post","status-publish","format-standard","has-post-thumbnail","hentry","category-destacadas","category-gobierno-del-estado-de-michoacan"],"_links":{"self":[{"href":"https:\/\/radiowebmx.com\/nota\/wp-json\/wp\/v2\/posts\/16733","targetHints":{"allow":["GET"]}}],"collection":[{"href":"https:\/\/radiowebmx.com\/nota\/wp-json\/wp\/v2\/posts"}],"about":[{"href":"https:\/\/radiowebmx.com\/nota\/wp-json\/wp\/v2\/types\/post"}],"author":[{"embeddable":true,"href":"https:\/\/radiowebmx.com\/nota\/wp-json\/wp\/v2\/users\/1"}],"replies":[{"embeddable":true,"href":"https:\/\/radiowebmx.com\/nota\/wp-json\/wp\/v2\/comments?post=16733"}],"version-history":[{"count":2,"href":"https:\/\/radiowebmx.com\/nota\/wp-json\/wp\/v2\/posts\/16733\/revisions"}],"predecessor-version":[{"id":16736,"href":"https:\/\/radiowebmx.com\/nota\/wp-json\/wp\/v2\/posts\/16733\/revisions\/16736"}],"wp:featuredmedia":[{"embeddable":true,"href":"https:\/\/radiowebmx.com\/nota\/wp-json\/wp\/v2\/media\/16734"}],"wp:attachment":[{"href":"https:\/\/radiowebmx.com\/nota\/wp-json\/wp\/v2\/media?parent=16733"}],"wp:term":[{"taxonomy":"category","embeddable":true,"href":"https:\/\/radiowebmx.com\/nota\/wp-json\/wp\/v2\/categories?post=16733"},{"taxonomy":"post_tag","embeddable":true,"href":"https:\/\/radiowebmx.com\/nota\/wp-json\/wp\/v2\/tags?post=16733"}],"curies":[{"name":"wp","href":"https:\/\/api.w.org\/{rel}","templated":true}]}}