{"id":16721,"date":"2015-07-15T11:16:35","date_gmt":"2015-07-15T16:16:35","guid":{"rendered":"https:\/\/radiowebmx.com\/nota\/?p=16721"},"modified":"2015-07-15T11:16:35","modified_gmt":"2015-07-15T16:16:35","slug":"caravanas-de-la-salud-dan-un-giro-a-la-vida-en-las-comunidades-rurales-abud","status":"publish","type":"post","link":"https:\/\/radiowebmx.com\/nota\/caravanas-de-la-salud-dan-un-giro-a-la-vida-en-las-comunidades-rurales-abud\/","title":{"rendered":"Caravanas de la salud dan un giro a la vida en las comunidades rurales: Abud"},"content":{"rendered":"<p>Las caravanas de la salud le dan un giro a la manera de vivir de las personas, adem\u00e1s de que contribuyen a prevenir sobre las enfermedades, as\u00ed como fortalecer la confianza de los ciudadanos en sus instituciones, asegur\u00f3 Salvador Abud Mirabent, presidente municipal de Morelia.<\/p>\n<p>&nbsp;<\/p>\n<p>Durante el arranque de las caravanas \u201cUnidos por tu Bienestar\u201d, en el Palacio Municipal, el alcalde afirm\u00f3 que las caravanas interinstitucionales, en favor de la salud de los morelianos, constituyen una de las campa\u00f1as m\u00e1s exitosas en el municipio, ya que a partir de \u00e9stas es posible acudir a las diferentes comunidades y tenencias para detectar oportunamente las enfermedades que afectan a los habitantes de las comunidades, ampliando la visi\u00f3n que hay sobre el cuidado y prevenci\u00f3n.<\/p>\n<p>&nbsp;<\/p>\n<p>Acompa\u00f1ado por la presidenta del DIF municipal, Miriam Cruz de Abud, as\u00ed como por Gerardo Miranda Mart\u00ednez, secretario de Desarrollo Social; Romano Valencia L\u00f3pez, secretario de Servicios P\u00fablicos; Zeus Rodr\u00edguez Miranda, director de Enlace Ciudadano, y Santiago Tapia Jim\u00e9nez, director del Sistema DIF Morelia, el alcalde afirm\u00f3 que un buen gobierno gestiona los espacios para la convivencia comunitaria, la armon\u00eda, la inclusi\u00f3n social, y se consolida con el esfuerzo interinstitucional y trabajo de las diferentes dependencias municipales.<\/p>\n<p>&nbsp;<\/p>\n<p>En este sentido, Abud Mirabent se\u00f1al\u00f3 que las caravanas \u201cUnidos por tu Bienestar\u201d acudir\u00e1n a todas las tenencias del municipio, y pretenden sumar la experiencia de a\u00f1os anteriores, para conjugarla con la energ\u00eda de las personas voluntarias y de aquellos que se acercan para llevar salud y bienestar a los morelianos en condiciones de vulnerabilidad.<\/p>\n<p>&nbsp;<\/p>\n<p>Asimismo, el edil reconoci\u00f3 el esfuerzo de la presidenta del DIF municipal, Miriam Cruz, as\u00ed como del\u00a0\u00a0personal y dependencias protagonistas en esta labor, ya que gracias a su coordinaci\u00f3n, las caravanas atender\u00e1n casos delicados y de prevenci\u00f3n de salud, como son las mastograf\u00edas, consultas m\u00e9dicas, papanicolaou, consulta psicol\u00f3gica, odontol\u00f3gica, pero tambi\u00e9n ofrecer\u00e1n orientaci\u00f3n y acercamiento de los servicios que ofrece la administraci\u00f3n municipal, como son la regularizaci\u00f3n del estado civil y de registro extempor\u00e1neo, asesor\u00eda jur\u00eddica, entre otros.<\/p>\n<p>&nbsp;<\/p>\n<p>Por su parte, Miriam Cruz de Abud, presidenta del DIF Morelia, dijo que al estar conscientes de las dificultades que representa para muchas personas y familias trasladarse a realizar alg\u00fan tr\u00e1mite o para recibir atenci\u00f3n m\u00e9dica, se tom\u00f3 la firme decisi\u00f3n de coordinar estas caravanas, para llevar servicios hasta los lugares donde se encuentran las personas de mayor vulnerabilidad y, de este modo, acercarles diferentes servicios, principalmente de salud, tales como consultas m\u00e9dicas, odontol\u00f3gicas y psicol\u00f3gicas, estudios de mastograf\u00eda, talleres sobre discapacidad, prevenci\u00f3n de embarazos a temprana edad y alimentaci\u00f3n saludable, entre otros.<\/p>\n<p>&nbsp;<\/p>\n<p>En este sentido, Miriam Cruz se\u00f1al\u00f3 que, con el inter\u00e9s por la salud de los morelianos, cada una de las dependencias del Ayuntamiento que han sido involucradas, han unido sus esfuerzos para mejorar las condiciones de vida de los ciudadanos, con la finalidad de extender estos servicios y atender a la poblaci\u00f3n, en favor del bienestar humano.<\/p>\n<p>&nbsp;<\/p>\n<p>Cabe mencionar que las caravanas interinstitucionales \u201cUnidos por tu Bienestar\u201d estar\u00e1n presentes en\u00a0Teremendo de los Reyes, Tac\u00edcuaro, At\u00e9cuaro, Capula, Tiripetio, San Nicol\u00e1s Obispo, Chiquimitio, Santiago Undameo, Atapaneo, Jes\u00fas del Monte, en horario de atenci\u00f3n de 10:00 a 15:00 horas, a partir de hoy y hasta el pr\u00f3ximo 14 de agosto<\/p>\n","protected":false},"excerpt":{"rendered":"<p>Las caravanas de la salud le dan un giro a la manera de vivir de las personas, adem\u00e1s de que contribuyen a prevenir sobre las enfermedades, as\u00ed como fortalecer la confianza de los ciudadanos en sus instituciones, asegur\u00f3 Salvador Abud Mirabent, presidente municipal de Morelia.<\/p>\n","protected":false},"author":1,"featured_media":16715,"comment_status":"open","ping_status":"open","sticky":false,"template":"","format":"standard","meta":{"footnotes":""},"categories":[14,9],"tags":[],"class_list":["post-16721","post","type-post","status-publish","format-standard","has-post-thumbnail","hentry","category-destacadas","category-morelia"],"_links":{"self":[{"href":"https:\/\/radiowebmx.com\/nota\/wp-json\/wp\/v2\/posts\/16721","targetHints":{"allow":["GET"]}}],"collection":[{"href":"https:\/\/radiowebmx.com\/nota\/wp-json\/wp\/v2\/posts"}],"about":[{"href":"https:\/\/radiowebmx.com\/nota\/wp-json\/wp\/v2\/types\/post"}],"author":[{"embeddable":true,"href":"https:\/\/radiowebmx.com\/nota\/wp-json\/wp\/v2\/users\/1"}],"replies":[{"embeddable":true,"href":"https:\/\/radiowebmx.com\/nota\/wp-json\/wp\/v2\/comments?post=16721"}],"version-history":[{"count":2,"href":"https:\/\/radiowebmx.com\/nota\/wp-json\/wp\/v2\/posts\/16721\/revisions"}],"predecessor-version":[{"id":16724,"href":"https:\/\/radiowebmx.com\/nota\/wp-json\/wp\/v2\/posts\/16721\/revisions\/16724"}],"wp:featuredmedia":[{"embeddable":true,"href":"https:\/\/radiowebmx.com\/nota\/wp-json\/wp\/v2\/media\/16715"}],"wp:attachment":[{"href":"https:\/\/radiowebmx.com\/nota\/wp-json\/wp\/v2\/media?parent=16721"}],"wp:term":[{"taxonomy":"category","embeddable":true,"href":"https:\/\/radiowebmx.com\/nota\/wp-json\/wp\/v2\/categories?post=16721"},{"taxonomy":"post_tag","embeddable":true,"href":"https:\/\/radiowebmx.com\/nota\/wp-json\/wp\/v2\/tags?post=16721"}],"curies":[{"name":"wp","href":"https:\/\/api.w.org\/{rel}","templated":true}]}}