{"id":16718,"date":"2015-07-15T11:05:24","date_gmt":"2015-07-15T16:05:24","guid":{"rendered":"https:\/\/radiowebmx.com\/nota\/?p=16718"},"modified":"2015-07-15T11:05:24","modified_gmt":"2015-07-15T16:05:24","slug":"salvador-vega-entregara-jara-un-gobierno-debil","status":"publish","type":"post","link":"https:\/\/radiowebmx.com\/nota\/salvador-vega-entregara-jara-un-gobierno-debil\/","title":{"rendered":"SALVADOR VEGA: ENTREGAR\u00c1 JARA UN GOBIERNO D\u00c9BIL"},"content":{"rendered":"<p><span style=\"color: #444444; font-family: tahoma, sans-serif;\">El senador de la Rep\u00fablica, Salvador Vega Casillas, exigi\u00f3 al gobierno de Salvador Jara Guerrero, as\u00ed como a sus funcionarios de primer nivel y de confianza, que no abandonen sus responsabilidades antes de tiempo, pues Michoac\u00e1n no puede seguir dando muestras de debilidad en su pol\u00edtica interna.<\/span><\/p>\n<p><span style=\"color: #444444; font-family: tahoma, sans-serif;\">\u00a0<\/span><\/p>\n<p><span style=\"color: #444444; font-family: tahoma, sans-serif;\">El panista indic\u00f3 que en este proceso de entrega-recepci\u00f3n, un cambio de secretarios de estado, como es el caso del titular de Desarrollo Econ\u00f3mico, no contribuye a generar estabilidad, orden ni transparencia, mucho menos en esta \u00e1rea que lleva la batuta de apoyos econ\u00f3micos, fondos y financiamientos.<\/span><\/p>\n<p><span style=\"color: #444444; font-family: tahoma, sans-serif;\">\u00a0<\/span><\/p>\n<p>\u201cYa hemos dicho que el proceso de entrega-recepci\u00f3n debe darse con absoluta transparencia para que el siguiente gobierno no se encuentre con sorpresas, y lamentamos mucho que los funcionarios est\u00e9n dejando el barco en esta etapa y m\u00e1s trat\u00e1ndose de una dependencia tan sensible como la de Desarrollo Econ\u00f3mico\u201d.<\/p>\n<p>&nbsp;<\/p>\n<p>Vega Casillas inst\u00f3 al quinto titular de dicha secretar\u00eda, en tres a\u00f1os cinco meses, Luis G\u00e1lvez Ant\u00fanez, a dar continuidad a lo que est\u00e1 vigente, entregar finanzas claras a la siguiente administraci\u00f3n y cumplir con los objetivos para contener el quebranto econ\u00f3mico de la entidad.<\/p>\n<p>&nbsp;<\/p>\n<p>\u201cNo podemos pedir mucho a estas alturas del a\u00f1o y a tres meses de que termine esta gesti\u00f3n que le queda a deber tanto a los michoacanos. Conform\u00e9monos con que no se paralice la dependencia y se de continuidad a los trabajos de entrega recepci\u00f3n\u201d.<\/p>\n<p>&nbsp;<\/p>\n<p>El legislador panista Salvador Vega Casillas dijo que este 2015 en especial, Michoac\u00e1n ha vivido estancado, toda vez que dependencias que pueden apoyar a los empresarios, fortalecer la econom\u00eda y el empleo, han sido inoperantes por la inestabilidad interna, como es el caso de la Secretar\u00eda de Desarrollo Econ\u00f3mico.<\/p>\n","protected":false},"excerpt":{"rendered":"<p>El senador de la Rep\u00fablica, Salvador Vega Casillas, exigi\u00f3 al gobierno de Salvador Jara Guerrero, as\u00ed como a sus funcionarios de primer nivel y de confianza, que no abandonen sus responsabilidades antes de tiempo, pues Michoac\u00e1n no puede seguir dando muestras de debilidad en su pol\u00edtica interna. <\/p>\n","protected":false},"author":1,"featured_media":16719,"comment_status":"open","ping_status":"open","sticky":false,"template":"","format":"standard","meta":{"footnotes":""},"categories":[6,14],"tags":[],"class_list":["post-16718","post","type-post","status-publish","format-standard","has-post-thumbnail","hentry","category-congreso-del-estado","category-destacadas"],"_links":{"self":[{"href":"https:\/\/radiowebmx.com\/nota\/wp-json\/wp\/v2\/posts\/16718","targetHints":{"allow":["GET"]}}],"collection":[{"href":"https:\/\/radiowebmx.com\/nota\/wp-json\/wp\/v2\/posts"}],"about":[{"href":"https:\/\/radiowebmx.com\/nota\/wp-json\/wp\/v2\/types\/post"}],"author":[{"embeddable":true,"href":"https:\/\/radiowebmx.com\/nota\/wp-json\/wp\/v2\/users\/1"}],"replies":[{"embeddable":true,"href":"https:\/\/radiowebmx.com\/nota\/wp-json\/wp\/v2\/comments?post=16718"}],"version-history":[{"count":1,"href":"https:\/\/radiowebmx.com\/nota\/wp-json\/wp\/v2\/posts\/16718\/revisions"}],"predecessor-version":[{"id":16720,"href":"https:\/\/radiowebmx.com\/nota\/wp-json\/wp\/v2\/posts\/16718\/revisions\/16720"}],"wp:featuredmedia":[{"embeddable":true,"href":"https:\/\/radiowebmx.com\/nota\/wp-json\/wp\/v2\/media\/16719"}],"wp:attachment":[{"href":"https:\/\/radiowebmx.com\/nota\/wp-json\/wp\/v2\/media?parent=16718"}],"wp:term":[{"taxonomy":"category","embeddable":true,"href":"https:\/\/radiowebmx.com\/nota\/wp-json\/wp\/v2\/categories?post=16718"},{"taxonomy":"post_tag","embeddable":true,"href":"https:\/\/radiowebmx.com\/nota\/wp-json\/wp\/v2\/tags?post=16718"}],"curies":[{"name":"wp","href":"https:\/\/api.w.org\/{rel}","templated":true}]}}