{"id":16697,"date":"2015-07-14T13:47:57","date_gmt":"2015-07-14T18:47:57","guid":{"rendered":"https:\/\/radiowebmx.com\/nota\/?p=16697"},"modified":"2015-07-14T13:47:57","modified_gmt":"2015-07-14T18:47:57","slug":"los-jovenes-en-riesgo-tienen-nuevas-oportunidades-abud","status":"publish","type":"post","link":"https:\/\/radiowebmx.com\/nota\/los-jovenes-en-riesgo-tienen-nuevas-oportunidades-abud\/","title":{"rendered":"Los \u201cj\u00f3venes en riesgo\u201d tienen nuevas oportunidades: Abud"},"content":{"rendered":"<p><span style=\"font-size: large;\">El presidente municipal de Morelia, Salvador Abud Mirabent, asegur\u00f3 que con apoyos y motivaci\u00f3n a j\u00f3venes en riesgo, el Ayuntamiento cumple con su parte en las acciones para reducir situaciones de violencia, conductas antisociales y delincuencia, espec\u00edficamente en los cuatro pol\u00edgonos de alta incidencia, \u201clos j\u00f3venes a favor de la paz y de la prevenci\u00f3n del delito, son un orgullo de Morelia\u201d resalt\u00f3 el alcalde.<\/span><\/p>\n<p><span style=\"font-size: large;\">\u00a0<\/span><\/p>\n<p><span style=\"font-size: large;\">Lo anterior, lo manifest\u00f3 en el acto de entrega de becas a 65 j\u00f3venes morelianos que habitan en los pol\u00edgonos de alta incidencia delictiva integrados en el Proyecto \u201cJ\u00f3venes en Riesgo\u201d implementado por el Gobierno de la Rep\u00fablica, a trav\u00e9s del Subsidio para la Seguridad P\u00fablica Municipal (Subsemun) 2015.<\/span><\/p>\n<p><span style=\"font-size: large;\">\u00a0<\/span><\/p>\n<p><span style=\"font-size: large;\">Con el apoyo presupuestario de la federaci\u00f3n, el presidente municipal, Salvador Abud Mirabent entreg\u00f3 becas por 2 mil pesos mensuales a cada integrante del \u00a0grupo de 65 j\u00f3venes que han participado en labores sociales, servicio p\u00fablico, talleres de prevenci\u00f3n del delito, actividades culturales y art\u00edsticas y en el rescate de espacios p\u00fablicos.<\/span><\/p>\n<p><span style=\"font-size: large;\">\u00a0<\/span><\/p>\n<p><span style=\"font-size: large;\">El proyecto federal \u201cJ\u00f3venes en Riesgo\u201d inici\u00f3 desde mayo y culminar\u00e1 el 31 de diciembre del presente 2015, para lo cual, los participantes deber\u00e1n continuar con sus labores y servicios p\u00fablicos.<\/span><\/p>\n<p><span style=\"font-size: large;\">\u00a0<\/span><\/p>\n<p><span style=\"font-size: large;\">\u00a0<\/span><\/p>\n<p><span style=\"font-size: large;\">En el acto protocolario de entrega de las becas econ\u00f3micas, el alcalde asegur\u00f3 que una de las prioridades para este Ayuntamiento, es orientar y aportar al desarrollo pleno de los j\u00f3venes que se encuentran en situaci\u00f3n de riesgo.<\/span><\/p>\n<p><span style=\"font-size: large;\">\u00a0<\/span><\/p>\n<p><span style=\"font-size: large;\">Por su parte, el director de Prevenci\u00f3n Social del Delito, Guillermo Sandoval Vega, puntualiz\u00f3 que el grupo de beneficiarios fueron elegidos a trav\u00e9s de un examen psicol\u00f3gico y socioecon\u00f3mico.<\/span><\/p>\n<p><span style=\"font-size: large;\">\u00a0<\/span><\/p>\n<p><span style=\"font-size: large;\">En nombre de los beneficiarios, Jos\u00e9 Alberto Uribe, agradeci\u00f3 el apoyo del gobierno federal y del Ayuntamiento que preside Salvador Abud Mirabent, por dirigir el esfuerzo de los j\u00f3venes en acciones positivas, lejos de conductas antisociales y delictivas.<\/span><\/p>\n","protected":false},"excerpt":{"rendered":"<p>El presidente municipal de Morelia, Salvador Abud Mirabent, asegur\u00f3 que con apoyos y motivaci\u00f3n a j\u00f3venes en riesgo, el Ayuntamiento cumple con su parte en las acciones para reducir situaciones de violencia, conductas antisociales y delincuencia, espec\u00edficamente en los cuatro pol\u00edgonos de alta incidencia, <\/p>\n","protected":false},"author":1,"featured_media":16698,"comment_status":"open","ping_status":"open","sticky":false,"template":"","format":"standard","meta":{"footnotes":""},"categories":[14,9],"tags":[],"class_list":["post-16697","post","type-post","status-publish","format-standard","has-post-thumbnail","hentry","category-destacadas","category-morelia"],"_links":{"self":[{"href":"https:\/\/radiowebmx.com\/nota\/wp-json\/wp\/v2\/posts\/16697","targetHints":{"allow":["GET"]}}],"collection":[{"href":"https:\/\/radiowebmx.com\/nota\/wp-json\/wp\/v2\/posts"}],"about":[{"href":"https:\/\/radiowebmx.com\/nota\/wp-json\/wp\/v2\/types\/post"}],"author":[{"embeddable":true,"href":"https:\/\/radiowebmx.com\/nota\/wp-json\/wp\/v2\/users\/1"}],"replies":[{"embeddable":true,"href":"https:\/\/radiowebmx.com\/nota\/wp-json\/wp\/v2\/comments?post=16697"}],"version-history":[{"count":1,"href":"https:\/\/radiowebmx.com\/nota\/wp-json\/wp\/v2\/posts\/16697\/revisions"}],"predecessor-version":[{"id":16699,"href":"https:\/\/radiowebmx.com\/nota\/wp-json\/wp\/v2\/posts\/16697\/revisions\/16699"}],"wp:featuredmedia":[{"embeddable":true,"href":"https:\/\/radiowebmx.com\/nota\/wp-json\/wp\/v2\/media\/16698"}],"wp:attachment":[{"href":"https:\/\/radiowebmx.com\/nota\/wp-json\/wp\/v2\/media?parent=16697"}],"wp:term":[{"taxonomy":"category","embeddable":true,"href":"https:\/\/radiowebmx.com\/nota\/wp-json\/wp\/v2\/categories?post=16697"},{"taxonomy":"post_tag","embeddable":true,"href":"https:\/\/radiowebmx.com\/nota\/wp-json\/wp\/v2\/tags?post=16697"}],"curies":[{"name":"wp","href":"https:\/\/api.w.org\/{rel}","templated":true}]}}