{"id":16694,"date":"2015-07-14T13:45:08","date_gmt":"2015-07-14T18:45:08","guid":{"rendered":"https:\/\/radiowebmx.com\/nota\/?p=16694"},"modified":"2015-07-14T13:45:08","modified_gmt":"2015-07-14T18:45:08","slug":"educacion-necesaria-para-el-desarrollo-diaz-mora","status":"publish","type":"post","link":"https:\/\/radiowebmx.com\/nota\/educacion-necesaria-para-el-desarrollo-diaz-mora\/","title":{"rendered":"EDUCACI\u00d3N, NECESARIA PARA EL DESARROLLO: D\u00cdAZ MORA"},"content":{"rendered":"<p>Con la representaci\u00f3n del gobernador del Estado, Salvador Jara Guerrero, el secretario de Pol\u00edtica Social, Horacio Guillermo D\u00edaz Mora, asisti\u00f3 a la clausura de la Escuela Secundaria Federal No.1 \u201cJos\u00e9 Mar\u00eda Morelos y Pav\u00f3n\u201d.<\/p>\n<p>&nbsp;<\/p>\n<p>En el marco de su 52 aniversario, el funcionario estatal acompa\u00f1\u00f3 a las y los alumnos de la generaci\u00f3n 2012-2015, a quienes invit\u00f3 a continuarse preparando, tras se\u00f1alar que representan el presente y el futuro de Michoac\u00e1n.<\/p>\n<p>&nbsp;<\/p>\n<p>\u201cEstamos seguros que con su entusiasmo y empe\u00f1o van a lograr todos sus prop\u00f3sitos, contin\u00faen estudiando; el conocimiento y la educaci\u00f3n son elementos vitales para su crecimiento personal y profesional, son herramientas que representan una mayor calidad de vida para ustedes y para sus familias\u201d.<\/p>\n<p>De igual forma hizo un reconocimiento a la Secundaria Federal No.1, por los 52 a\u00f1os de su fundaci\u00f3n, brindando educaci\u00f3n de calidad, as\u00ed como a los padres y madres de familia por apoyar a sus hijas\/os.<\/p>\n<p>&nbsp;<\/p>\n<p>\u201cReciban un caluroso saludo de parte del gobernador, Salvador Jara Guerrero, quien al igual que ustedes egres\u00f3 de esta instituci\u00f3n, y a trav\u00e9s de mi conducto les env\u00eda una felicitaci\u00f3n y les desea el mejor de los \u00e9xitos\u201d.<\/p>\n<p>&nbsp;<\/p>\n<p>El funcionario manifest\u00f3 su orgullo al compartir que tambi\u00e9n fue alumno de dicha escuela, en donde destac\u00f3 la entrega del personal docente y administrativo en la labor que desempe\u00f1an.<\/p>\n<p>\u201cLe tengo un gran cari\u00f1o a esta instituci\u00f3n, de la que hoy egresan j\u00f3venes comprometidos con Michoac\u00e1n, estamos convencidos que continuar\u00e1n poniendo todo su esfuerzo en su pr\u00f3xima meta\u201d, dijo.<\/p>\n<p>Por su parte, el director de la Secundaria Federal No.1, Jes\u00fas Hurtado Arriaga, destac\u00f3 los promedios que un gran n\u00famero de estudiantes lograron tanto en el turno matutino como vespertino, al tiempo que agradeci\u00f3 a las maestras y maestros el trabajo desarrollado, as\u00ed como a los padres de familia.<\/p>\n<p>&nbsp;<\/p>\n<p>Indic\u00f3 que la instituci\u00f3n se encuentra a su m\u00e1xima capacidad, contando con una matr\u00edcula de mil 630 alumnos y alumnas, de igual forma coment\u00f3 que a lo largo de la historia de la escuela, han egresado personas destacadas en diferentes \u00e1mbitos, como la pol\u00edtica y la administraci\u00f3n p\u00fablica, entre otros.<\/p>\n<p>&nbsp;<\/p>\n<p>Al evento tambi\u00e9n asistieron representantes de la Secretar\u00eda de Educaci\u00f3n en el Estado (SEE), as\u00ed como de otras dependencias y de escuelas secundarias de Morelia.<\/p>\n<p>&nbsp;<\/p>\n","protected":false},"excerpt":{"rendered":"<p>Con la representaci\u00f3n del gobernador del Estado, Salvador Jara Guerrero, el secretario de Pol\u00edtica Social, Horacio Guillermo D\u00edaz Mora, asisti\u00f3 a la clausura de la Escuela Secundaria Federal No.1 \u201cJos\u00e9 Mar\u00eda Morelos y Pav\u00f3n\u201d.<\/p>\n","protected":false},"author":1,"featured_media":16695,"comment_status":"open","ping_status":"open","sticky":false,"template":"","format":"standard","meta":{"footnotes":""},"categories":[14,3],"tags":[],"class_list":["post-16694","post","type-post","status-publish","format-standard","has-post-thumbnail","hentry","category-destacadas","category-gobierno-del-estado-de-michoacan"],"_links":{"self":[{"href":"https:\/\/radiowebmx.com\/nota\/wp-json\/wp\/v2\/posts\/16694","targetHints":{"allow":["GET"]}}],"collection":[{"href":"https:\/\/radiowebmx.com\/nota\/wp-json\/wp\/v2\/posts"}],"about":[{"href":"https:\/\/radiowebmx.com\/nota\/wp-json\/wp\/v2\/types\/post"}],"author":[{"embeddable":true,"href":"https:\/\/radiowebmx.com\/nota\/wp-json\/wp\/v2\/users\/1"}],"replies":[{"embeddable":true,"href":"https:\/\/radiowebmx.com\/nota\/wp-json\/wp\/v2\/comments?post=16694"}],"version-history":[{"count":1,"href":"https:\/\/radiowebmx.com\/nota\/wp-json\/wp\/v2\/posts\/16694\/revisions"}],"predecessor-version":[{"id":16696,"href":"https:\/\/radiowebmx.com\/nota\/wp-json\/wp\/v2\/posts\/16694\/revisions\/16696"}],"wp:featuredmedia":[{"embeddable":true,"href":"https:\/\/radiowebmx.com\/nota\/wp-json\/wp\/v2\/media\/16695"}],"wp:attachment":[{"href":"https:\/\/radiowebmx.com\/nota\/wp-json\/wp\/v2\/media?parent=16694"}],"wp:term":[{"taxonomy":"category","embeddable":true,"href":"https:\/\/radiowebmx.com\/nota\/wp-json\/wp\/v2\/categories?post=16694"},{"taxonomy":"post_tag","embeddable":true,"href":"https:\/\/radiowebmx.com\/nota\/wp-json\/wp\/v2\/tags?post=16694"}],"curies":[{"name":"wp","href":"https:\/\/api.w.org\/{rel}","templated":true}]}}