{"id":16687,"date":"2015-07-14T13:41:28","date_gmt":"2015-07-14T18:41:28","guid":{"rendered":"https:\/\/radiowebmx.com\/nota\/?p=16687"},"modified":"2015-07-14T13:41:28","modified_gmt":"2015-07-14T18:41:28","slug":"jovenes-del-mundo-realizan-labor-comunitaria-en-beneficio-de-morelia","status":"publish","type":"post","link":"https:\/\/radiowebmx.com\/nota\/jovenes-del-mundo-realizan-labor-comunitaria-en-beneficio-de-morelia\/","title":{"rendered":"J\u00f3venes del mundo realizan labor comunitaria en beneficio de Morelia"},"content":{"rendered":"<p>Con el prop\u00f3sito de fortalecer las relaciones diplom\u00e1ticas con otros pa\u00edses, el Ayuntamiento de Morelia que encabeza el alcalde Salvador Abud Mirabent, en coordinaci\u00f3n con el Instituto de la Juventud Moreliana (IJUM),\u00a0\u00a0puso en marcha el Programa Work Camp 2015 (Campamento de trabajo).<\/p>\n<p>&nbsp;<\/p>\n<p>El objetivo principal de dicho proyecto es la promoci\u00f3n del trabajo social que se realiza en Morelia y conocer las experiencias similares en otros pa\u00edses.<\/p>\n<p>&nbsp;<\/p>\n<p>Los visitantes, provenientes de los diferentes pa\u00edses, junto a j\u00f3venes morelianos, realizan trabajos de limpieza\u00a0\u00a0de edificios hist\u00f3ricos, retiro de grafiti en el Centro Hist\u00f3rico, as\u00ed como acciones de reforestaci\u00f3n y limpieza en las comunidades de Um\u00e9cuaro, Tiripet\u00edo, Santiago Undameo y en las cascadas de Ichaqueo.<\/p>\n<p>&nbsp;<\/p>\n<p>Pablo S\u00e1nchez Silva, titular del IJUM, precis\u00f3 que ese programa es parte de un organismo de cooperaci\u00f3n internacional y en Morelia se apertura recibiendo a 7 j\u00f3venes de igual n\u00famero de pa\u00edses a trav\u00e9s la alianza de este instituto y la Asociaci\u00f3n Civil \u201cVive M\u00e9xico\u201d.<\/p>\n<p>&nbsp;<\/p>\n<p>A su vez, Ismael Avil\u00e9s Morales, jefe del Departamento de Proyectos de Participaci\u00f3n Nacional e Internacional, refiri\u00f3 que el programa \u201cWork Camp\u201d ha sido exitoso ya que los visitantes extranjeros han recorrido calles y comunidades de Morelia, promoviendo la labor comunitaria, adem\u00e1s de que se trata de una gran oportunidad para que los j\u00f3venes provenientes de Francia, Corea del Sur, Rep\u00fablica Checa e Italia conozcan y disfruten de la arquitectura, gastronom\u00eda, la cultura y las maravillas con las que cuenta el municipio.<\/p>\n<p>&nbsp;<\/p>\n<p>Cabe mencionar que el campamento concluir\u00e1 el pr\u00f3ximo 15 de julio<\/p>\n","protected":false},"excerpt":{"rendered":"<p>Con el prop\u00f3sito de fortalecer las relaciones diplom\u00e1ticas con otros pa\u00edses, el Ayuntamiento de Morelia que encabeza el alcalde Salvador Abud Mirabent, en coordinaci\u00f3n con el Instituto de la Juventud Moreliana (IJUM),  puso en marcha el Programa Work Camp 2015 (Campamento de trabajo).<\/p>\n","protected":false},"author":1,"featured_media":16688,"comment_status":"open","ping_status":"open","sticky":false,"template":"","format":"standard","meta":{"footnotes":""},"categories":[14,9],"tags":[],"class_list":["post-16687","post","type-post","status-publish","format-standard","has-post-thumbnail","hentry","category-destacadas","category-morelia"],"_links":{"self":[{"href":"https:\/\/radiowebmx.com\/nota\/wp-json\/wp\/v2\/posts\/16687","targetHints":{"allow":["GET"]}}],"collection":[{"href":"https:\/\/radiowebmx.com\/nota\/wp-json\/wp\/v2\/posts"}],"about":[{"href":"https:\/\/radiowebmx.com\/nota\/wp-json\/wp\/v2\/types\/post"}],"author":[{"embeddable":true,"href":"https:\/\/radiowebmx.com\/nota\/wp-json\/wp\/v2\/users\/1"}],"replies":[{"embeddable":true,"href":"https:\/\/radiowebmx.com\/nota\/wp-json\/wp\/v2\/comments?post=16687"}],"version-history":[{"count":1,"href":"https:\/\/radiowebmx.com\/nota\/wp-json\/wp\/v2\/posts\/16687\/revisions"}],"predecessor-version":[{"id":16689,"href":"https:\/\/radiowebmx.com\/nota\/wp-json\/wp\/v2\/posts\/16687\/revisions\/16689"}],"wp:featuredmedia":[{"embeddable":true,"href":"https:\/\/radiowebmx.com\/nota\/wp-json\/wp\/v2\/media\/16688"}],"wp:attachment":[{"href":"https:\/\/radiowebmx.com\/nota\/wp-json\/wp\/v2\/media?parent=16687"}],"wp:term":[{"taxonomy":"category","embeddable":true,"href":"https:\/\/radiowebmx.com\/nota\/wp-json\/wp\/v2\/categories?post=16687"},{"taxonomy":"post_tag","embeddable":true,"href":"https:\/\/radiowebmx.com\/nota\/wp-json\/wp\/v2\/tags?post=16687"}],"curies":[{"name":"wp","href":"https:\/\/api.w.org\/{rel}","templated":true}]}}