{"id":16685,"date":"2015-07-14T13:35:50","date_gmt":"2015-07-14T18:35:50","guid":{"rendered":"https:\/\/radiowebmx.com\/nota\/?p=16685"},"modified":"2015-07-14T13:35:50","modified_gmt":"2015-07-14T18:35:50","slug":"promueven-una-vida-saludable-con-las-caravanas-de-verano","status":"publish","type":"post","link":"https:\/\/radiowebmx.com\/nota\/promueven-una-vida-saludable-con-las-caravanas-de-verano\/","title":{"rendered":"Promueven una vida saludable  con las \u201cCaravanas de Verano\u201d"},"content":{"rendered":"<p>Con la intenci\u00f3n de promover la activaci\u00f3n f\u00edsica y combatir la vida sedentaria durante el verano, el Ayuntamiento de Morelia, a trav\u00e9s del Instituto Municipal de Cultura F\u00edsica y Deporte (IMDE), pondr\u00e1 en marcha del 14 de julio al 21 de agosto, el programa \u201cCaravanas de Verano\u201d, para el cual se han sumado 18 colonias con actividades en deportes como futbol y basquetbol, adem\u00e1s de carreras callejeras, juegos tradicionales y circuitos motrices.<\/p>\n<p>&nbsp;<\/p>\n<p>Interesado en hacer del deporte un bien p\u00fablico,\u00a0 el Ayuntamiento de Morelia, que encabeza el presidente municipal Salvador Abud Mirabent, ha creado a trav\u00e9s de la coordinaci\u00f3n del IMDE, dicho programa que espera impactar positivamente a 4 mil morelianos.<\/p>\n<p>&nbsp;<\/p>\n<p>El programa tiene como objetivo la promoci\u00f3n de la actividad f\u00edsica en las colonias para combatir el sedentarismo y propiciar as\u00ed una vida saludable, sobre todo en los ni\u00f1os y j\u00f3venes que no tienen la posibilidad econ\u00f3mica de participar en alg\u00fan curso de verano.<\/p>\n<p>&nbsp;<\/p>\n<p>Asimismo, el prop\u00f3sito es llegar con este tipo de actividades a las colonias m\u00e1s humildes y poder captar a los ni\u00f1os y j\u00f3venes que no pueden entrar a un curso de verano y ofrecerles una alternativa, para que conozcan todo lo que pueden hacer al aire libre durante sus vacaciones.<\/p>\n<p>&nbsp;<\/p>\n<p>Paulina Flores, jefa del departamento de Deporte para Todos del IMDE, asegur\u00f3 que las actividades, las cuales ser\u00e1n coordinadas por dicho instituto, constar\u00e1n de torneos de futbol y basquetbol, peque\u00f1as carreras callejeras, activaciones f\u00edsicas, circuitos motrices y juegos tradicionales.<\/p>\n<p>&nbsp;<\/p>\n<p>\u201cCaravanas de Verano\u201d visitar\u00e1 18 colonias, del 14 de julio al 21 de agosto, per\u00edodo durante el cual se realizar\u00e1n 3 activaciones por semana, los d\u00edas martes, jueves y viernes, para aprovechar al m\u00e1ximo el periodo vacacional.<\/p>\n<p>&nbsp;<\/p>\n<p>Las colonias elegidas son Tierra y Libertad, Primo Tapia, La Colina, Granjas del Maestro, Industrial, Las Margaritas, Felipe Carrillo Puerto, Ejidal Ocolusen, Independencia, La Aldea, Ciudad Jard\u00edn, Ricardo Flores Mag\u00f3n, La Soledad, Cosmos, Villa Magna, Torre\u00f3n Nuevo, Los Pinos y Trincheras de Morelos.<\/p>\n<p>&nbsp;<\/p>\n<p>Adem\u00e1s, en el IMDE se tiene la apertura para que m\u00e1s colonos puedan integrarse al movimiento, para lo cual solo se necesitar\u00e1 la solicitud pertinente y elegir\u00a0 la fecha de la actividad.<\/p>\n<p>&nbsp;<\/p>\n<p>Cabe destacar que varias de las colonias incluidas en el programa se acercaron a las autoridades municipales para planear y realizar actividades y atender sus necesidades. Adem\u00e1s, el municipio se encuentra en la posibilidad de extender estas caravanas a m\u00e1s morelianos y que crezca el n\u00famero de colonias participantes, al manifestar su inter\u00e9s a trav\u00e9s de una solicitud.<\/p>\n<p>&nbsp;<\/p>\n<p>El arranque oficial del programa, ser\u00e1 el d\u00eda de martes 14 de julio, en la colonia Tierra y Libertad, en punto de las 10:00 horas, y se espera sea una fiesta de convivencia deportiva.<\/p>\n","protected":false},"excerpt":{"rendered":"<p>Con la intenci\u00f3n de promover la activaci\u00f3n f\u00edsica y combatir la vida sedentaria durante el verano, el Ayuntamiento de Morelia, a trav\u00e9s del IMDE, pondr\u00e1 en marcha del 14 de julio al 21 de agosto, el programa \u201cCaravanas de Verano\u201d, <\/p>\n","protected":false},"author":1,"featured_media":0,"comment_status":"open","ping_status":"open","sticky":false,"template":"","format":"standard","meta":{"footnotes":""},"categories":[9],"tags":[],"class_list":["post-16685","post","type-post","status-publish","format-standard","hentry","category-morelia"],"_links":{"self":[{"href":"https:\/\/radiowebmx.com\/nota\/wp-json\/wp\/v2\/posts\/16685","targetHints":{"allow":["GET"]}}],"collection":[{"href":"https:\/\/radiowebmx.com\/nota\/wp-json\/wp\/v2\/posts"}],"about":[{"href":"https:\/\/radiowebmx.com\/nota\/wp-json\/wp\/v2\/types\/post"}],"author":[{"embeddable":true,"href":"https:\/\/radiowebmx.com\/nota\/wp-json\/wp\/v2\/users\/1"}],"replies":[{"embeddable":true,"href":"https:\/\/radiowebmx.com\/nota\/wp-json\/wp\/v2\/comments?post=16685"}],"version-history":[{"count":1,"href":"https:\/\/radiowebmx.com\/nota\/wp-json\/wp\/v2\/posts\/16685\/revisions"}],"predecessor-version":[{"id":16686,"href":"https:\/\/radiowebmx.com\/nota\/wp-json\/wp\/v2\/posts\/16685\/revisions\/16686"}],"wp:attachment":[{"href":"https:\/\/radiowebmx.com\/nota\/wp-json\/wp\/v2\/media?parent=16685"}],"wp:term":[{"taxonomy":"category","embeddable":true,"href":"https:\/\/radiowebmx.com\/nota\/wp-json\/wp\/v2\/categories?post=16685"},{"taxonomy":"post_tag","embeddable":true,"href":"https:\/\/radiowebmx.com\/nota\/wp-json\/wp\/v2\/tags?post=16685"}],"curies":[{"name":"wp","href":"https:\/\/api.w.org\/{rel}","templated":true}]}}