{"id":16677,"date":"2015-07-14T13:22:04","date_gmt":"2015-07-14T18:22:04","guid":{"rendered":"https:\/\/radiowebmx.com\/nota\/?p=16677"},"modified":"2015-07-14T13:22:04","modified_gmt":"2015-07-14T18:22:04","slug":"temas-de-cafe-336","status":"publish","type":"post","link":"https:\/\/radiowebmx.com\/nota\/temas-de-cafe-336\/","title":{"rendered":"TEMAS DE CAF\u00c9"},"content":{"rendered":"<ul>\n<li><a href=\"https:\/\/radiowebmx.com\/nota\/wp-content\/uploads\/2013\/06\/temas-de-cafe.jpg\"><img loading=\"lazy\" decoding=\"async\" class=\"alignleft size-full wp-image-2805\" alt=\"temas de cafe\" src=\"https:\/\/radiowebmx.com\/nota\/wp-content\/uploads\/2013\/06\/temas-de-cafe.jpg\" width=\"295\" height=\"171\" \/><\/a>SILVANO Y ALFONSO: TAREAS<\/li>\n<li>RENUNCIA TODO EL GABINETE<\/li>\n<li>SECRETARIA GENERAL DEL PRI<\/li>\n<li>OMAR NOE Y CESAR\u00a0 CHAVEZ<\/li>\n<\/ul>\n<p>Hay dos aspectos que pueden ser las piedras de tropiezo, tanto de Silvano como de Alfonso, el primero usted sabe gobernador electo, y el segundo presidente municipal de Morelia electo, el primero por el PRD y una alianza entre partidos de izquierda, y Alfonso Mart\u00ednez, por primera vez en Morelia candidato independiente, Silvano tendr\u00e1 dos graves problemas, primero la CNTE los llamados\u00a0 profesores democr\u00e1ticos, que no tienen nada de democr\u00e1ticos, y los normalistas que son un aut\u00e9ntico dolor de cabeza, para el estado, los morelianos y las autodefensas, las cuales ahora ya funcionan aut\u00f3nomas, ya que entregan sus propias credenciales, y Alfonso tendr\u00e1 en la CNTE y los normalistas, a sus peores enemigos, los cuales pueden destruir sus carreras pol\u00edticas,\u00a0 estos grupos pueden convertirse en su Waterloo, ya que ambos tienen aspiraciones de seguir avanzando, en la pol\u00edtica el primero nacional y el segundo estatal.<\/p>\n<p>SILVANO PROMETE QUE NO HABRA AUTODEFENSAS<\/p>\n<p>En cuanto al gobernador electo, ha dicho en varias ocasiones que en su administraci\u00f3n no habr\u00e1 autodefensas, o sea no habr\u00e1 civiles armados dedicados a la seguridad, mientras que Pascual Sigala afirm\u00f3 que en la administraci\u00f3n estatal pr\u00f3xima, no habr\u00e1 un plan de seguridad improvisado, seguramente sabe sobre lo que sigue en esta materia, en gran parte depende de la Federaci\u00f3n, porque se fusione o no la seguridad con la Secretar\u00eda de Gobierno, ese puesto tradicionalmente se entrega a a la presidencia de la rep\u00fablica.<\/p>\n<p>Sabemos que Silvano en campa\u00f1a se reuni\u00f3, con diversos grupos de autodefensas, a las cuales ha agradecido lo que hicieron, por la seguridad en Michoac\u00e1n, pero autodefensas dijo el que se dice coordinador de ellas en todo el pa\u00eds, en Michoac\u00e1n hay m\u00e1s de 15 mil elementos, identificados como autodefensas, algunas se reunieron en campa\u00f1a con Chon Orihuela, otros con Luisa Mar\u00eda Calder\u00f3n y otros grupos con Silvano, pero son demasiados grupos y algunos como ya les comentamos, funcionan como organismos aut\u00f3nomos.<\/p>\n<p>Silvano en el fondo tiene raz\u00f3n, no pueden subsistir estas expresiones, en su caso debe ofrecer a los michoacanos\u00a0 un sistema de seguridad justo y eficiente, porque de otra manera si persiste la inseguridad, en algunas regiones del estado, se estar\u00e1 justificando la presencia de estos organismos, integrados por autodefensas que protegen sus intereses, ante la ausencia de seguridad y es que este sistema de seguridad regional, lleg\u00f3 para quedarse, despu\u00e9s de que Alfredo Castillo los institucionaliz\u00f3, les dio personalidad como a las Autodefensas Unidas de Colombia.<\/p>\n<p>ALFONSO REGLAMENTAR MANIFESTACIONES<\/p>\n<p>En el caso de las constantes manifestaciones y protestas, que agobian el centro hist\u00f3rico de Morelia, y que han sido causantes directos, de cierres de comercios con el l\u00f3gico despido de personal, desde hace a\u00f1os se ha intentado reglamentarlas, entre las propuestas est\u00e1 una de Alfonso Mart\u00ednez, cuando era diputado local, pero resulta que muchas de las causas, por las cuales se generan las\u00a0 manifestaciones, tienen origen justo por lo que serpia adecuado, crear una ventanilla \u00fanica, donde se presentaran las demandas y si despu\u00e9s, de un tiempo adecuado no se da respuesta, se justificar\u00eda la protesta p\u00fablica.<\/p>\n<p>PE\u00d1A NIETO COMO\u00a0 MANCERA Y BACHELET<\/p>\n<p>La presidenta de Chile Michelle Bachelet, como Miguel Angel Mancera le pidi\u00f3 la renuncia a todo su gabinete,\u00a0 no estar\u00eda mal que Enrique Pe\u00f1a Nieto hiciera lo mismo, ser\u00eda un golpe de tim\u00f3n que M\u00e9xico necesita, porque la mayor\u00eda de los integrantes del gabinete, se encuentran en un \u00e1rea de confort que irrita a los mexicanos, porque saben que el presidente como amigo, es mejor que como presidente y dif\u00edcilmente despide, a sus colaboradores m\u00e1s cercanos a los que ha tenido que correr, ha\u00a0 sido por la presi\u00f3n social, como en Conagua y Profeco.<\/p>\n<p>Pero despu\u00e9s de la fuga del Chapo Guzm\u00e1n, ha quedado de manifiesto una serie de errores de su gabinete m\u00e1s cercano, por lo cual es necesario un golpe de tim\u00f3n y poner las cosas en su justa dimensi\u00f3n, una buena parte del gabinete no ha servido, no ha hecho su trabajo por lo cual debe exigir la renuncia de todo su gabinete y despu\u00e9s hacer una evaluaci\u00f3n no de meses, sino de semanas y empezar la segunda parte de su administraci\u00f3n, con un gabinete renovado con ganas de trabajar, y comprometido con los mexicanos. So pena de pasar a la historia como un presidente reprobado.<\/p>\n<p>EL RELEVO EN EL PRI, DIVERSOS GRUPOS INTERESADOS<\/p>\n<p>Ya le comentamos que C\u00e9sar Camacho dirigente, nacional del PRI dio la instrucci\u00f3n a los priistas michoacanos, que deber\u00e1n estar tranquilos que no se muevan, pero esto es imposible aunque \u00e9l no decidir\u00e1 nada, ser\u00e1 el pr\u00f3ximo dirigente nacional del PRI, quien se encargar\u00e1 de manejar todo lo que hace falta, la coordinaci\u00f3n de la bancada priista en el Congreso estatal y federal, as\u00ed como la dirigencia estatal del PRI, as\u00ed tenemos por ejemplo para la dirigencia estatal, se manejan \u00a0dos nombres uno es V\u00edctor Silva y el otro es Olivio L\u00f3pez, comparativamente ser\u00eda un de primera divisi\u00f3n y uno de tercera, o tal vez cuarta. Ver trayectorias.<\/p>\n<p>Ahora bien por la paridad de g\u00e9nero en el PRI, ha sido costumbre desde hace tiempo,\u00a0 ubicar en la secretar\u00eda general a una mujer, as\u00ed tenemos por ejemplo a \u00a0Geny de los Reyes, tambi\u00e9n a Consuelo Muro, o Rosalva Vanegas que tambi\u00e9n lleg\u00f3 a la dirigencia por unos meses, y la actual secretaria general, de esta manera es necesario comentar que hay mujeres, con trayectoria y presencia en el PRI, que har\u00edan un excelente papel en la secretar\u00eda general, una es Maribel Rodr\u00edguez Alvarez actualmente es s\u00edndica municipal en Morelia,\u00a0 licenciada en derecho con maestr\u00eda en derecho, y especialidad en derecho procesal, actualmente es consejera municipal y estatal del PRI, por su trayectoria partidista.<\/p>\n<p>ANA BRASILIA ESPINO Y PATY MEDINA<\/p>\n<p>Las otras dos mujeres aunque seguramente debe haber m\u00e1s, son Ana Brasilia Espino y Paty Medina, la primera hoy es la titular de la Secretaria de los J\u00f3venes, ha revivido esa dependencia, adem\u00e1s tiene una impresionante trayectoria administrativa y pol\u00edtica, entre otras cosas ha sido regidora de Morelia, subsecretaria en la Secretar\u00eda de la Mujer, ha estado en campa\u00f1as y ha sido candidata suplente a diputada local, mientras que Paty Medina actualmente es regidora de Morelia, y aspirante a una diputaci\u00f3n plurinominal local, con por lo menos dos d\u00e9cadas de actividades priistas, su \u00faltima participaci\u00f3n, fue en la campa\u00f1a de Chon Orihuela.<\/p>\n<p>OMAR NOE BERNARDINO Y CESAR CHAVEZ, EN PROBLEMAS<\/p>\n<p>Apatzing\u00e1n las cosas se mantienen calientitas, as\u00ed tenemos que Omar No\u00e9 Bernardino se encuentra impugnado, por presuntos excesos en su campa\u00f1a, su rival perredista present\u00f3 una impugnaci\u00f3n, ante el Tribunal Federal Electoral, el cual deber\u00e1 entregar su dictamen en unos d\u00edas m\u00e1s, y desde luego la candidata perredista, Er\u00e9ndira Alvarez conf\u00eda plenamente en que las pruebas presentadas ante el Tribunal, sean analizadas debidamente y finalmente, le concedan la victoria ya que comenta que antes, de que se cayera el sistema iba ganando.<\/p>\n<p>En cuanto se repuso el sistema de conteo despu\u00e9s de cinco horas, \u00a0ella \u00a0iba perdiendo con m\u00e1s de mil votos, primero ella llevaba una ventaja de m\u00e1s de 400 votos, adem\u00e1s present\u00f3 pruebas de otras anomal\u00edas, que afirm\u00f3 seguramente revertir\u00e1n el triunfo de Omar No\u00e9 Bernardino, quien desde luego est\u00e1 seguro de ganar las elecciones, en el Tribunal Federal Electoral a tal grado, que anda motivado \u00a0buscando la coordinaci\u00f3n de la bancada federal, donde adem\u00e1s de \u00e9l, la buscan desde Antonio Ixtl\u00e1huac hasta Freddy Anaya, el junior de Alfredo Anaya Gudi\u00f1o hoy diputado federal.<\/p>\n<p>CESAR CHAVEZ IGUAL ESTA IMPUGNADO<\/p>\n<p>Sucede lo mismo con C\u00e9sar Ch\u00e1vez, candidato ganador por el PRI de la presidencia municipal, pero tambi\u00e9n fue impugnado por el PRD, PAN y PT por presuntas irregularidades bien documentadas, \u00a0tanto en el proceso electoral como en el d\u00eda de las elecciones, l\u00f3gicamente espera que el TEEM\u00a0 tome en cuenta las pruebas, que parecen irrefutables y as\u00ed se cambie la decisi\u00f3n del IEM, y\u00a0 en este caso lo que se pide es que\u00a0 se reponga el proceso electoral, y mientras tanto se designe a un gobierno\u00a0 provisional, mientras se realizan las elecciones extraordinarias, de acuerdo a lo expuesto por Carlos Sotelo, dirigente nacional de la expresi\u00f3n Patria Digna del PRD.<\/p>\n","protected":false},"excerpt":{"rendered":"<p>\u2022\tSILVANO Y ALFONSO: TAREAS<br \/>\n\u2022\tRENUNCIA TODO EL GABINETE<br \/>\n\u2022\tSECRETARIA GENERAL DEL PRI<br \/>\n\u2022\tOMAR NOE Y CESAR  CHAVEZ<\/p>\n","protected":false},"author":1,"featured_media":0,"comment_status":"open","ping_status":"open","sticky":false,"template":"","format":"standard","meta":{"footnotes":""},"categories":[4,14,10],"tags":[],"class_list":["post-16677","post","type-post","status-publish","format-standard","hentry","category-columnistas","category-destacadas","category-juan-manuel-belmonte"],"_links":{"self":[{"href":"https:\/\/radiowebmx.com\/nota\/wp-json\/wp\/v2\/posts\/16677","targetHints":{"allow":["GET"]}}],"collection":[{"href":"https:\/\/radiowebmx.com\/nota\/wp-json\/wp\/v2\/posts"}],"about":[{"href":"https:\/\/radiowebmx.com\/nota\/wp-json\/wp\/v2\/types\/post"}],"author":[{"embeddable":true,"href":"https:\/\/radiowebmx.com\/nota\/wp-json\/wp\/v2\/users\/1"}],"replies":[{"embeddable":true,"href":"https:\/\/radiowebmx.com\/nota\/wp-json\/wp\/v2\/comments?post=16677"}],"version-history":[{"count":1,"href":"https:\/\/radiowebmx.com\/nota\/wp-json\/wp\/v2\/posts\/16677\/revisions"}],"predecessor-version":[{"id":16678,"href":"https:\/\/radiowebmx.com\/nota\/wp-json\/wp\/v2\/posts\/16677\/revisions\/16678"}],"wp:attachment":[{"href":"https:\/\/radiowebmx.com\/nota\/wp-json\/wp\/v2\/media?parent=16677"}],"wp:term":[{"taxonomy":"category","embeddable":true,"href":"https:\/\/radiowebmx.com\/nota\/wp-json\/wp\/v2\/categories?post=16677"},{"taxonomy":"post_tag","embeddable":true,"href":"https:\/\/radiowebmx.com\/nota\/wp-json\/wp\/v2\/tags?post=16677"}],"curies":[{"name":"wp","href":"https:\/\/api.w.org\/{rel}","templated":true}]}}