{"id":16624,"date":"2015-07-09T14:11:15","date_gmt":"2015-07-09T19:11:15","guid":{"rendered":"https:\/\/radiowebmx.com\/nota\/?p=16624"},"modified":"2015-07-09T14:11:15","modified_gmt":"2015-07-09T19:11:15","slug":"los-jovenes-son-la-apuesta-para-un-mejor-futuro-abud","status":"publish","type":"post","link":"https:\/\/radiowebmx.com\/nota\/los-jovenes-son-la-apuesta-para-un-mejor-futuro-abud\/","title":{"rendered":"Los j\u00f3venes son la apuesta para un mejor futuro: Abud"},"content":{"rendered":"<p>Reconocer la excelencia educativa de los j\u00f3venes es apostar por un futuro mejor y tender las v\u00edas para un desarrollo equitativo; buscar sus ideas y proyectos es muestra de la confianza que como sociedad compartimos con la juventud, se\u00f1al\u00f3 Salvador Abud, presidente municipal de Morelia, durante la entrega de galardones a\u00a0 la Excelencia Educativa que otorg\u00f3 por sexto a\u00f1o la\u00a0Confederaci\u00f3n Patronal de la Rep\u00fablica Mexicana\u00a0(Coparmex).<\/p>\n<p>&nbsp;<\/p>\n<p>El edil reconoci\u00f3 tambi\u00e9n el compromiso social de las empresas locales, que enlazan al mercado laboral el capital humano que cada a\u00f1o egresa de las diferentes universidades de Morelia y, en consecuencia, les generan oportunidades para llevar una vida plena y con calidad.<\/p>\n<p>&nbsp;<\/p>\n<p>Ante la presencia del rector de la Universidad Michoacana de San Nicol\u00e1s de Hidalgo, Medardo Serna, as\u00ed como directivos y docentes de 14 instituciones de educaci\u00f3n superior en Michoac\u00e1n, el presidente de la Coparmex Michoac\u00e1n, Eduardo S\u00e1nchez Mart\u00ednez; el subsecretario de Educaci\u00f3n Media Superior y Superior del estado, Isa\u00edas Elizarraraz Alcaraz, y el vicepresidente de la Coparmex Michoac\u00e1n, Gabriel \u00c1vila D\u00edaz; el alcalde\u00a0 celebr\u00f3 el reconocimiento otorgado a los j\u00f3venes por la Coparmex porque, con este tipo de aliento a la juventud, dan muestra de su labor bajo una filosof\u00eda de cooperaci\u00f3n y compromiso con las presentes y futuras generaciones.<\/p>\n<p>&nbsp;<\/p>\n<p>De este modo, Abud Mirabent exhort\u00f3 a aprender la filosof\u00eda de superaci\u00f3n de los j\u00f3venes, as\u00ed como de su visi\u00f3n de la cultura, lo cual los engrandece como seres humanos y profesionales.<\/p>\n<p>&nbsp;<\/p>\n<p>Igualmente, el alcalde de Morelia reconoci\u00f3 el gran inter\u00e9s que demuestran los j\u00f3venes con su desempe\u00f1o acad\u00e9mico, para hacerse responsables de su sociedad y tomar parte en la construcci\u00f3n y futuro del pa\u00eds, pero adem\u00e1s porque su entrega es se\u00f1al de que se persigue un Estado pr\u00f3spero y un Morelia fuerte y competitivo.<\/p>\n","protected":false},"excerpt":{"rendered":"<p>Reconocer la excelencia educativa de los j\u00f3venes es apostar por un futuro mejor y tender las v\u00edas para un desarrollo equitativo; buscar sus ideas y proyectos es muestra de la confianza que como sociedad compartimos con la juventud, se\u00f1al\u00f3 Salvador Abud, presidente municipal de Morelia,<\/p>\n","protected":false},"author":1,"featured_media":16625,"comment_status":"open","ping_status":"open","sticky":false,"template":"","format":"standard","meta":{"footnotes":""},"categories":[14,9],"tags":[],"class_list":["post-16624","post","type-post","status-publish","format-standard","has-post-thumbnail","hentry","category-destacadas","category-morelia"],"_links":{"self":[{"href":"https:\/\/radiowebmx.com\/nota\/wp-json\/wp\/v2\/posts\/16624","targetHints":{"allow":["GET"]}}],"collection":[{"href":"https:\/\/radiowebmx.com\/nota\/wp-json\/wp\/v2\/posts"}],"about":[{"href":"https:\/\/radiowebmx.com\/nota\/wp-json\/wp\/v2\/types\/post"}],"author":[{"embeddable":true,"href":"https:\/\/radiowebmx.com\/nota\/wp-json\/wp\/v2\/users\/1"}],"replies":[{"embeddable":true,"href":"https:\/\/radiowebmx.com\/nota\/wp-json\/wp\/v2\/comments?post=16624"}],"version-history":[{"count":2,"href":"https:\/\/radiowebmx.com\/nota\/wp-json\/wp\/v2\/posts\/16624\/revisions"}],"predecessor-version":[{"id":16627,"href":"https:\/\/radiowebmx.com\/nota\/wp-json\/wp\/v2\/posts\/16624\/revisions\/16627"}],"wp:featuredmedia":[{"embeddable":true,"href":"https:\/\/radiowebmx.com\/nota\/wp-json\/wp\/v2\/media\/16625"}],"wp:attachment":[{"href":"https:\/\/radiowebmx.com\/nota\/wp-json\/wp\/v2\/media?parent=16624"}],"wp:term":[{"taxonomy":"category","embeddable":true,"href":"https:\/\/radiowebmx.com\/nota\/wp-json\/wp\/v2\/categories?post=16624"},{"taxonomy":"post_tag","embeddable":true,"href":"https:\/\/radiowebmx.com\/nota\/wp-json\/wp\/v2\/tags?post=16624"}],"curies":[{"name":"wp","href":"https:\/\/api.w.org\/{rel}","templated":true}]}}