{"id":16621,"date":"2015-07-09T13:59:02","date_gmt":"2015-07-09T18:59:02","guid":{"rendered":"https:\/\/radiowebmx.com\/nota\/?p=16621"},"modified":"2015-07-09T13:59:02","modified_gmt":"2015-07-09T18:59:02","slug":"inician-trabajos-de-campo-para-definir-limites-territoriales-entre-comuneros-de-nahuatzen-y-sevina","status":"publish","type":"post","link":"https:\/\/radiowebmx.com\/nota\/inician-trabajos-de-campo-para-definir-limites-territoriales-entre-comuneros-de-nahuatzen-y-sevina\/","title":{"rendered":"INICIAN TRABAJOS DE CAMPO PARA DEFINIR L\u00cdMITES TERRITORIALES ENTRE COMUNEROS DE NAHUATZEN Y SEVINA"},"content":{"rendered":"<p>Con la finalidad de dar seguimiento y mantener vigentes los compromisos asumidos entre los habitantes de Nahuatzen y la comunidad de Sevina, el Gobierno del Estado de Michoac\u00e1n, as\u00ed como representantes de los gobiernos de la Rep\u00fablica y municipales, iniciaron las actividades de campo para definir los l\u00edmites territoriales con el prop\u00f3sito de dirimir conflictos entre ambas poblaciones por la tenencia de la tierra.<\/p>\n<p>El secretario de Gobierno, Jaime Esparza Cortina, inform\u00f3 que en dichas actividades el Instituto Nacional de Estad\u00edstica y Geograf\u00eda (INEGI) con un equipo experimentado estar\u00e1 al frente de los trabajos t\u00e9cnicos, esto es la localizaci\u00f3n de los puntos geo referenciados, correspondientes a las placas establecidas entre ambos poblados.<\/p>\n<p>Dicho Instituto se dar\u00e1 a la tarea de ubicar una placa geod\u00e9sica topogr\u00e1fica que se estableci\u00f3 con el Programa de Certificaci\u00f3n de Derechos Ejidales y Titulaci\u00f3n de Solares (PROCEDE), ubicada en el poblado de San Isidro, municipio de Nahuatzen, con el fin de hacer la liga con los dem\u00e1s puntos establecidos en la resoluci\u00f3n presidencial y el plano definitivo de la comunidad ind\u00edgena de Sevina.<\/p>\n<p>Lo anterior para dar continuidad a los compromisos establecidos el d\u00eda 24 de junio y al acuerdo de paz y civilidad asumido entre los comuneros de Nahuatzen y Sevina.<\/p>\n<p>En este inicio de trabajos, se cont\u00f3 con la presencia de Martha Josefina Rodr\u00edguez Casillas, titular de la Secretar\u00eda de Pueblos Ind\u00edgenas del Estado; as\u00ed como Lilian D\u00e1valos Tanur, directora de Concertaci\u00f3n Agraria.<\/p>\n<p>Acudieron por parte del gobierno federal, de la Procuradur\u00eda Agraria: Luis Omar Nu\u00f1ez Solorio, subdelegado; Miguel Cruz L\u00f3pez, jefe de departamento y Sergio Amado, jefe de residencia en Uruapan.<\/p>\n<p>De la Secretar\u00eda de Desarrollo Agrario, Territorial y Urbano (Sedatu), Sergio Navarro, jefe del \u00e1rea t\u00e9cnica; Cristian Emanuel Plancarte Avellaneda, subdelegado del Registro Agrario Nacional (RAN); Arturo Cira Jaramillo, jefe del Departamento de Geodesia en la Subdirecci\u00f3n de Geograf\u00eda, de la coordinaci\u00f3n en Michoac\u00e1n del INEGI; Rafael Medrano Huerta, director del Centro Coordinador de Desarrollo Ind\u00edgena de Michoac\u00e1n.<\/p>\n","protected":false},"excerpt":{"rendered":"<p>Con la finalidad de dar seguimiento y mantener vigentes los compromisos asumidos entre los habitantes de Nahuatzen y la comunidad de Sevina, el Gobierno del Estado de Michoac\u00e1n, <\/p>\n","protected":false},"author":1,"featured_media":16622,"comment_status":"open","ping_status":"open","sticky":false,"template":"","format":"standard","meta":{"footnotes":""},"categories":[14,3],"tags":[],"class_list":["post-16621","post","type-post","status-publish","format-standard","has-post-thumbnail","hentry","category-destacadas","category-gobierno-del-estado-de-michoacan"],"_links":{"self":[{"href":"https:\/\/radiowebmx.com\/nota\/wp-json\/wp\/v2\/posts\/16621","targetHints":{"allow":["GET"]}}],"collection":[{"href":"https:\/\/radiowebmx.com\/nota\/wp-json\/wp\/v2\/posts"}],"about":[{"href":"https:\/\/radiowebmx.com\/nota\/wp-json\/wp\/v2\/types\/post"}],"author":[{"embeddable":true,"href":"https:\/\/radiowebmx.com\/nota\/wp-json\/wp\/v2\/users\/1"}],"replies":[{"embeddable":true,"href":"https:\/\/radiowebmx.com\/nota\/wp-json\/wp\/v2\/comments?post=16621"}],"version-history":[{"count":1,"href":"https:\/\/radiowebmx.com\/nota\/wp-json\/wp\/v2\/posts\/16621\/revisions"}],"predecessor-version":[{"id":16623,"href":"https:\/\/radiowebmx.com\/nota\/wp-json\/wp\/v2\/posts\/16621\/revisions\/16623"}],"wp:featuredmedia":[{"embeddable":true,"href":"https:\/\/radiowebmx.com\/nota\/wp-json\/wp\/v2\/media\/16622"}],"wp:attachment":[{"href":"https:\/\/radiowebmx.com\/nota\/wp-json\/wp\/v2\/media?parent=16621"}],"wp:term":[{"taxonomy":"category","embeddable":true,"href":"https:\/\/radiowebmx.com\/nota\/wp-json\/wp\/v2\/categories?post=16621"},{"taxonomy":"post_tag","embeddable":true,"href":"https:\/\/radiowebmx.com\/nota\/wp-json\/wp\/v2\/tags?post=16621"}],"curies":[{"name":"wp","href":"https:\/\/api.w.org\/{rel}","templated":true}]}}