{"id":16614,"date":"2015-07-09T13:45:55","date_gmt":"2015-07-09T18:45:55","guid":{"rendered":"https:\/\/radiowebmx.com\/nota\/?p=16614"},"modified":"2015-07-09T13:45:55","modified_gmt":"2015-07-09T18:45:55","slug":"respalda-conago-a-pena-nieto-en-su-iniciativa-de-presentar-al-congreso-de-la-union-un-presupuesto-base-cero","status":"publish","type":"post","link":"https:\/\/radiowebmx.com\/nota\/respalda-conago-a-pena-nieto-en-su-iniciativa-de-presentar-al-congreso-de-la-union-un-presupuesto-base-cero\/","title":{"rendered":"RESPALDA CONAGO A PE\u00d1A NIETO EN SU INICIATIVA DE PRESENTAR AL CONGRESO DE LA UNI\u00d3N UN PRESUPUESTO BASE CERO"},"content":{"rendered":"<p>El gobernador de Michoac\u00e1n, Salvador Jara Guerrero, asisti\u00f3 a la 49 reuni\u00f3n ordinaria de la Conferencia Nacional de Gobernadores (Conago), en la que los mandatarios estatales respaldaron la iniciativa del presidente de la Rep\u00fablica, Enrique Pe\u00f1a Nieto, de proponer al Congreso de la Uni\u00f3n un Presupuesto Base Cero para el ejercicio fiscal del 2016.<\/p>\n<p>Asimismo, el titular del Ejecutivo en el estado se adhiri\u00f3 a la propuesta de la Conago de que en la reingenier\u00eda presupuestal de la federaci\u00f3n se definan como prioritarios los rubros de educaci\u00f3n, salud, ciencia y tecnolog\u00eda, as\u00ed como los programas sociales que permitan abatir el rezago y cumplir con los objetivos del Plan Nacional de Desarrollo.<\/p>\n<p>El presidente Enrique Pe\u00f1a Nieto expuso a los gobernadores las ventajas de plantear un Presupuesto Base Cero que permitir\u00eda un ejercicio m\u00e1s eficiente del gasto p\u00fablico. En respuesta, el jefe de Gobierno del Distrito Federal, Miguel \u00c1ngel Mancera, subray\u00f3 que en el seno de la Conago \u201cestamos convencidos que esta reingenier\u00eda permitir\u00e1 mantener la estabilidad de las finanzas nacionales, en beneficio de todas las familias mexicanas\u201d.<\/p>\n<p>El gobernador de Tlaxcala, Mariano Gonz\u00e1lez Zarur, en calidad de presidente de la Conago, asegur\u00f3 que los gobernadores trabajar\u00e1n de manera coordinada con el Ejecutivo federal para homologar sus marcos legales locales con las recientes reformas federales en materia de transparencia y combate a la corrupci\u00f3n, ya que estas leyes, afirm\u00f3, ayudar\u00e1n a que los gobiernos federal y estatales \u00a0\u201cenfrentemos la disminuci\u00f3n de recursos, no solo con mecanismos de austeridad, sino ejerciendo el gasto p\u00fablico de manera m\u00e1s transparente, m\u00e1s eficiente, y sobre todo, siendo eficaces\u201d.<\/p>\n<p>En su \u00faltima participaci\u00f3n como presidente de la Conferencia Nacional de Gobernadores, Gonz\u00e1lez Zarur felicit\u00f3 a nombre de este organismo al presidente Pe\u00f1a Nieto por impulsar las reformas estructurales que, dijo, est\u00e1n empezando a generar beneficios tangibles en los hogares de los mexicanos.<\/p>\n<p>Para dar muestra de lo anterior, refiri\u00f3 que en el pasado mes de mayo la inflaci\u00f3n fue de 2.88 por ciento, \u201cel nivel m\u00e1s bajo en la historia del pa\u00eds\u201d. A\u00f1adi\u00f3 que durante el gobierno de Pe\u00f1a Nieto se\u00a0 han generado m\u00e1s de un mill\u00f3n 330 mil empleos, \u00a0y la inversi\u00f3n extranjera directa acumulada durante su gesti\u00f3n, al mes de marzo, asciende a 715 mil millones de d\u00f3lares, que es superior en 12.4 por ciento respecto a las cifras alcanzadas durante \u00a0el mismo periodo del gobierno federal anterior.<\/p>\n<p>A manera de conclusi\u00f3n de la 49 reuni\u00f3n ordinaria, los gobernadores acordaron que en los pr\u00f3ximos 15 d\u00edas trabajar\u00e1n en la elaboraci\u00f3n de una agenda de trabajo de la Conago, en la que se contemplar\u00e1 la ejecuci\u00f3n de acciones orientadas en cinco ejes principales: dotar de personalidad jur\u00eddica a la Conago en la Carta Magna, impulsar el di\u00e1logo con los tres Poderes de la Uni\u00f3n, y fortalecer la participaci\u00f3n internacional.<\/p>\n<p>Adem\u00e1s, en el programa de trabajo se incluir\u00edan acciones para consolidar las reformas propuestas por el Ejecutivo federal en materia de transparencia y combate a la corrupci\u00f3n, para lo cual se prev\u00e9 elaborar una agenda com\u00fan de gobiernos estatales en estos \u00e1mbitos.<\/p>\n<p>Finalmente, el gobernador del estado de M\u00e9xico, Eruviel \u00c1vila Villegas, asumi\u00f3 la presidencia de la Conago. Al respecto, Salvador Jara coment\u00f3 que la Conferencia siempre ha tenido presidentes que han realizado \u201cun excelente papel, y esta \u00a0no ser\u00e1 la excepci\u00f3n\u201d.<\/p>\n<p>Sobre la gesti\u00f3n de Gonz\u00e1lez Zarur como presidente de la Conago, expres\u00f3 que es uno de los gobernadores m\u00e1s queridos por ser de los que tienen mayor experiencia pol\u00edtica, lo que redunda en que es de los mandatarios en los que se deposita mayor confianza.<\/p>\n<p>&nbsp;<\/p>\n","protected":false},"excerpt":{"rendered":"<p>El gobernador de Michoac\u00e1n, Salvador Jara Guerrero, asisti\u00f3 a la 49 reuni\u00f3n ordinaria de la Conago, en la que los mandatarios estatales respaldaron la iniciativa del presidente de la Rep\u00fablica, Enrique Pe\u00f1a Nieto, de proponer al Congreso de la Uni\u00f3n un Presupuesto Base Cero para el ejercicio fiscal del 2016.<\/p>\n","protected":false},"author":1,"featured_media":16615,"comment_status":"open","ping_status":"open","sticky":false,"template":"","format":"standard","meta":{"footnotes":""},"categories":[14,3],"tags":[],"class_list":["post-16614","post","type-post","status-publish","format-standard","has-post-thumbnail","hentry","category-destacadas","category-gobierno-del-estado-de-michoacan"],"_links":{"self":[{"href":"https:\/\/radiowebmx.com\/nota\/wp-json\/wp\/v2\/posts\/16614","targetHints":{"allow":["GET"]}}],"collection":[{"href":"https:\/\/radiowebmx.com\/nota\/wp-json\/wp\/v2\/posts"}],"about":[{"href":"https:\/\/radiowebmx.com\/nota\/wp-json\/wp\/v2\/types\/post"}],"author":[{"embeddable":true,"href":"https:\/\/radiowebmx.com\/nota\/wp-json\/wp\/v2\/users\/1"}],"replies":[{"embeddable":true,"href":"https:\/\/radiowebmx.com\/nota\/wp-json\/wp\/v2\/comments?post=16614"}],"version-history":[{"count":1,"href":"https:\/\/radiowebmx.com\/nota\/wp-json\/wp\/v2\/posts\/16614\/revisions"}],"predecessor-version":[{"id":16616,"href":"https:\/\/radiowebmx.com\/nota\/wp-json\/wp\/v2\/posts\/16614\/revisions\/16616"}],"wp:featuredmedia":[{"embeddable":true,"href":"https:\/\/radiowebmx.com\/nota\/wp-json\/wp\/v2\/media\/16615"}],"wp:attachment":[{"href":"https:\/\/radiowebmx.com\/nota\/wp-json\/wp\/v2\/media?parent=16614"}],"wp:term":[{"taxonomy":"category","embeddable":true,"href":"https:\/\/radiowebmx.com\/nota\/wp-json\/wp\/v2\/categories?post=16614"},{"taxonomy":"post_tag","embeddable":true,"href":"https:\/\/radiowebmx.com\/nota\/wp-json\/wp\/v2\/tags?post=16614"}],"curies":[{"name":"wp","href":"https:\/\/api.w.org\/{rel}","templated":true}]}}