{"id":16571,"date":"2015-07-08T11:55:40","date_gmt":"2015-07-08T16:55:40","guid":{"rendered":"https:\/\/radiowebmx.com\/nota\/?p=16571"},"modified":"2015-07-08T11:55:40","modified_gmt":"2015-07-08T16:55:40","slug":"firman-sne-y-cbtis-149-convenio-a-favor-de-personas-con-discapacidad","status":"publish","type":"post","link":"https:\/\/radiowebmx.com\/nota\/firman-sne-y-cbtis-149-convenio-a-favor-de-personas-con-discapacidad\/","title":{"rendered":"FIRMAN SNE y CBTIS 149 CONVENIO A FAVOR DE PERSONAS CON DISCAPACIDAD"},"content":{"rendered":"<p>Consciente de la importancia que tiene el apoyar a grupos en situaci\u00f3n de vulnerabilidad, como lo son adultos mayores y personas con discapacidad, el Servicio Nacional de Empleo en Michoac\u00e1n (SNE), a trav\u00e9s de su subprograma Abriendo Espacios, firm\u00f3 un convenio de colaboraci\u00f3n con el Centro de Bachillerato Tecnol\u00f3gico Industrial y de Servicios (CBTIS) No. 149, mediante su Centro de Atenci\u00f3n a Estudiantes con Discapacidad (CAED).<\/p>\n<p>Durante la firma del convenio el director del SNE en la entidad, Francisco Xavier \u00c1lvarez Arias, se\u00f1al\u00f3 que la finalidad es trabajar de manera interinstitucional conjuntando esfuerzos para generar oportunidades de vinculaci\u00f3n laboral a los alumnos y ex-alumnos pertenecientes al CAED.<\/p>\n<p>Aunado a ello resalt\u00f3 que dentro de los objetivos generales del acuerdo de colaboraci\u00f3n, el Servicio Nacional de Empleo,<b> <\/b>a trav\u00e9s de Abriendo Espacios\u00a0 buscar\u00e1 y promover\u00e1 la colocaci\u00f3n en un empleo o actividad productiva a este sector vulnerable.<\/p>\n<p>\u201cUna vez firmado este acuerdo, la Direcci\u00f3n de Empleo otorgar\u00e1 servicios de\u00a0 vinculaci\u00f3n a los empleadores con los buscadores de empleo, de acuerdo a los requerimientos en conocimientos, habilidades y destrezas para cubrir las vacantes disponibles\u201d, apunt\u00f3.<\/p>\n<p>En su intervenci\u00f3n, el delegado de la Secretar\u00eda del Trabajo y Previsi\u00f3n Social (STPS) en el estado, Jos\u00e9 Noguez Salda\u00f1a mencion\u00f3 que dicho convenio ratifica el compromiso de los diferentes \u00f3rdenes de gobierno para generar mayores oportunidades laborales para las personas en condici\u00f3n de discapacidad.<\/p>\n<p>Asimismo, reafirm\u00f3 la convicci\u00f3n de la administraci\u00f3n del Presidente Enrique Pe\u00f1a Nieto por apoyar a este sector vulnerable de la poblaci\u00f3n con la generaci\u00f3n de un M\u00e9xico m\u00e1s incluyente.<\/p>\n<p>En su oportunidad el Director del CBTIS 149, Jes\u00fas Coronado Garc\u00eda se\u00f1al\u00f3 la necesidad de continuar generado esfuerzos para crear concienciaci\u00f3n social de la importancia de que se produzca una integraci\u00f3n real de las personas en condici\u00f3n de \u00a0discapacidad en la sociedad.<\/p>\n<p>&nbsp;<\/p>\n<p>Finalmente, explic\u00f3 que actualmente se tiene un registr\u00f3 de 80 alumnos en el CAED, de los cuales se espera acudan a vincularse con los servicios de Abriendo Espacios.<\/p>\n","protected":false},"excerpt":{"rendered":"<p>Consciente de la importancia que tiene el apoyar a grupos en situaci\u00f3n de vulnerabilidad, como lo son adultos mayores y personas con discapacidad, el SNE, a trav\u00e9s de su subprograma Abriendo Espacios, firm\u00f3 un convenio de colaboraci\u00f3n con el CBTIS No. 149,<\/p>\n","protected":false},"author":1,"featured_media":16572,"comment_status":"open","ping_status":"open","sticky":false,"template":"","format":"standard","meta":{"footnotes":""},"categories":[14,3],"tags":[],"class_list":["post-16571","post","type-post","status-publish","format-standard","has-post-thumbnail","hentry","category-destacadas","category-gobierno-del-estado-de-michoacan"],"_links":{"self":[{"href":"https:\/\/radiowebmx.com\/nota\/wp-json\/wp\/v2\/posts\/16571","targetHints":{"allow":["GET"]}}],"collection":[{"href":"https:\/\/radiowebmx.com\/nota\/wp-json\/wp\/v2\/posts"}],"about":[{"href":"https:\/\/radiowebmx.com\/nota\/wp-json\/wp\/v2\/types\/post"}],"author":[{"embeddable":true,"href":"https:\/\/radiowebmx.com\/nota\/wp-json\/wp\/v2\/users\/1"}],"replies":[{"embeddable":true,"href":"https:\/\/radiowebmx.com\/nota\/wp-json\/wp\/v2\/comments?post=16571"}],"version-history":[{"count":1,"href":"https:\/\/radiowebmx.com\/nota\/wp-json\/wp\/v2\/posts\/16571\/revisions"}],"predecessor-version":[{"id":16573,"href":"https:\/\/radiowebmx.com\/nota\/wp-json\/wp\/v2\/posts\/16571\/revisions\/16573"}],"wp:featuredmedia":[{"embeddable":true,"href":"https:\/\/radiowebmx.com\/nota\/wp-json\/wp\/v2\/media\/16572"}],"wp:attachment":[{"href":"https:\/\/radiowebmx.com\/nota\/wp-json\/wp\/v2\/media?parent=16571"}],"wp:term":[{"taxonomy":"category","embeddable":true,"href":"https:\/\/radiowebmx.com\/nota\/wp-json\/wp\/v2\/categories?post=16571"},{"taxonomy":"post_tag","embeddable":true,"href":"https:\/\/radiowebmx.com\/nota\/wp-json\/wp\/v2\/tags?post=16571"}],"curies":[{"name":"wp","href":"https:\/\/api.w.org\/{rel}","templated":true}]}}