{"id":1653,"date":"2013-03-06T15:12:47","date_gmt":"2013-03-06T21:12:47","guid":{"rendered":"https:\/\/radiowebmx.com\/nota\/?p=1653"},"modified":"2013-03-06T15:12:47","modified_gmt":"2013-03-06T21:12:47","slug":"clientes-y-oferentes-con-mejores-condiciones-de-servicio-en-el-independencia","status":"publish","type":"post","link":"https:\/\/radiowebmx.com\/nota\/clientes-y-oferentes-con-mejores-condiciones-de-servicio-en-el-independencia\/","title":{"rendered":"CLIENTES Y OFERENTES CON MEJORES CONDICIONES DE SERVICIO EN EL INDEPENDENCIA"},"content":{"rendered":"<p>Comerciantes del Mercado Independencia, contin\u00faan en los trabajos de reinstalaci\u00f3n de sus espacios con nuevas estructuras donde pueden contar con mejores condiciones para ofertar sus productos y mercanc\u00edas.<\/p>\n<p>&nbsp;<\/p>\n<p>En tanto, esta ma\u00f1ana las calles Adres del R\u00edo y Ana Mar\u00eda Gallaga amanecieron con un nuevo rostro para los vecinos y clientes de este Mercado. Completamente limpias y con se\u00f1alamientos de tr\u00e1nsito reci\u00e9n pintados, fueron abiertas a la circulaci\u00f3n estas importantes v\u00edas de comunicaci\u00f3n del centro capitalino.<\/p>\n<p>&nbsp;<\/p>\n<p>La reubicaci\u00f3n de los 120 comerciantes que ocupaban un lugar en estas calles contin\u00faa con el reacomodo en sus espacios en la planta baja del estacionamiento del Mercado Independencia.<\/p>\n<p>&nbsp;<\/p>\n<p>Vecinos y consumidores, se mostraron agradecidos y contentos por la liberaci\u00f3n de las calles, ya que aseguran, ahora pueden transitar libremente ya sea caminando o en sus veh\u00edculos.<\/p>\n<p>&nbsp;<\/p>\n<p>Coincidieron en se\u00f1alar, que ahora se percibe un ambiente de mayor seguridad, ya que hay iluminaci\u00f3n en las noches, las calles est\u00e1n despejadas\u00a0 e incluso, las banquetas est\u00e1n libres para los discapacitados.<\/p>\n<p>&nbsp;<\/p>\n<p>Mar\u00eda Eugenia Morales, vecina del centro de la ciudad, dijo no sentirse tan contenta desde hace mucho tiempo como ahora con las calles limpias y asegur\u00f3 que ahora podr\u00e1n acudir m\u00e1s consumidores a este Mercado de tanta tradici\u00f3n.<\/p>\n<p>&nbsp;<\/p>\n<p>En tanto, Mar\u00eda Teresa Reyes, consider\u00f3 que al estar m\u00e1s organizados y en instalaciones seguras, los comerciantes ser\u00e1n m\u00e1s visitados y tendr\u00e1n m\u00e1s clientes ya que adem\u00e1s se cuenta ya con un estacionamiento.<\/p>\n<p>&nbsp;<\/p>\n<p>Cabe se\u00f1alar que en todo momento se ha mantenido en servicio de electricidad en el nuevo espacio comercial, adem\u00e1s de que personal del Mercado Independencia sigue apoyando a los oferentes en el reacomodo de los productos que ofertan.<\/p>\n<p>&nbsp;<\/p>\n<p>El director de Mercados y Comercio en la V\u00eda P\u00fablica, Gerardo Garc\u00eda Vallejo, dijo que la segunda etapa es la consolidaci\u00f3n de los comerciantes en el proceso de adaptaci\u00f3n en los espacios.<\/p>\n<p>&nbsp;<\/p>\n<p>&nbsp;<\/p>\n<p>&nbsp;<\/p>\n<p>&nbsp;<\/p>\n<p>&nbsp;<\/p>\n<p>El funcionario municipal, asegur\u00f3 que supervisores de la Coordinaci\u00f3n del Centro Hist\u00f3rico de Morelia, vigilar\u00e1n que no haya invasi\u00f3n de espacios en estas calles, pero confi\u00f3 en que no se presenten casos de este tipo ya que las diversas organizaciones de comerciantes esperaban e momento de regresar a sus antiguos lugares.<\/p>\n<p>&nbsp;<\/p>\n<p><strong>Testimonios:<\/strong><\/p>\n<p>&nbsp;<\/p>\n<p>&nbsp;<\/p>\n<p>Mar\u00eda Eugenia Morales Vecina del centro hist\u00f3rico, \u201cme alegra mucho tener nuevamente nuestras calles limpias, gracias al Ayuntamiento\u201d<\/p>\n<p>&nbsp;<\/p>\n<p>Julia N\u00fa\u00f1ez vecina del centro hist\u00f3rico, \u201cme sorprendi\u00f3 ver la calle limpia y despejada, as\u00ed estamos m\u00e1s seguros\u201d<\/p>\n<p>&nbsp;<\/p>\n<p>Isa\u00edas Camacho, cliente del Mercado Independencia, \u201cqued\u00f3 muy bonita la calle Adri\u00e1n del R\u00edo, en verdad hicieron buen trabajo\u201d<\/p>\n<p>&nbsp;<\/p>\n<p>Alicia Garc\u00eda- clienta del Mercado Independencia \u201ctener la calle libre y limpia nos ofrece mayor seguridad para quienes transitamos por esta zona\u201d.<\/p>\n<p>&nbsp;<\/p>\n<p>Gerardo Garc\u00eda Vallejo Director de Mercados y Comercio en la V\u00eda P\u00fablica,\u00a0 \u201cLa instrucci\u00f3n del presidente Wilfrido L\u00e1zaro era regresarle a la gente la tranquilidad al circular y a los comerciantes dignificar sus espacios de venta\u201d.<\/p>\n","protected":false},"excerpt":{"rendered":"<p>Comerciantes del Mercado Independencia, contin\u00faan en los trabajos de reinstalaci\u00f3n de sus espacios con nuevas estructuras donde pueden contar con mejores condiciones para ofertar sus productos y mercanc\u00edas. &nbsp; En tanto, esta ma\u00f1ana las calles Adres del R\u00edo y Ana Mar\u00eda Gallaga amanecieron con un nuevo rostro para los vecinos y clientes de este Mercado. [&hellip;]<\/p>\n","protected":false},"author":1,"featured_media":0,"comment_status":"open","ping_status":"open","sticky":false,"template":"","format":"standard","meta":{"footnotes":""},"categories":[9],"tags":[],"class_list":["post-1653","post","type-post","status-publish","format-standard","hentry","category-morelia"],"_links":{"self":[{"href":"https:\/\/radiowebmx.com\/nota\/wp-json\/wp\/v2\/posts\/1653","targetHints":{"allow":["GET"]}}],"collection":[{"href":"https:\/\/radiowebmx.com\/nota\/wp-json\/wp\/v2\/posts"}],"about":[{"href":"https:\/\/radiowebmx.com\/nota\/wp-json\/wp\/v2\/types\/post"}],"author":[{"embeddable":true,"href":"https:\/\/radiowebmx.com\/nota\/wp-json\/wp\/v2\/users\/1"}],"replies":[{"embeddable":true,"href":"https:\/\/radiowebmx.com\/nota\/wp-json\/wp\/v2\/comments?post=1653"}],"version-history":[{"count":1,"href":"https:\/\/radiowebmx.com\/nota\/wp-json\/wp\/v2\/posts\/1653\/revisions"}],"predecessor-version":[{"id":1654,"href":"https:\/\/radiowebmx.com\/nota\/wp-json\/wp\/v2\/posts\/1653\/revisions\/1654"}],"wp:attachment":[{"href":"https:\/\/radiowebmx.com\/nota\/wp-json\/wp\/v2\/media?parent=1653"}],"wp:term":[{"taxonomy":"category","embeddable":true,"href":"https:\/\/radiowebmx.com\/nota\/wp-json\/wp\/v2\/categories?post=1653"},{"taxonomy":"post_tag","embeddable":true,"href":"https:\/\/radiowebmx.com\/nota\/wp-json\/wp\/v2\/tags?post=1653"}],"curies":[{"name":"wp","href":"https:\/\/api.w.org\/{rel}","templated":true}]}}