{"id":1651,"date":"2013-03-06T15:10:50","date_gmt":"2013-03-06T21:10:50","guid":{"rendered":"https:\/\/radiowebmx.com\/nota\/?p=1651"},"modified":"2013-03-06T15:10:50","modified_gmt":"2013-03-06T21:10:50","slug":"dif-morelia-fortalece-programas-de-beneficio-a-familias-morelianas","status":"publish","type":"post","link":"https:\/\/radiowebmx.com\/nota\/dif-morelia-fortalece-programas-de-beneficio-a-familias-morelianas\/","title":{"rendered":"DIF MORELIA, FORTALECE PROGRAMAS DE BENEFICIO A FAMILIAS MORELIANAS"},"content":{"rendered":"<p>Los menores, representan una de las principales preocupaciones y ocupaciones de la actual administraci\u00f3n municipal, es por ello, que el Sistema DIF Morelia, encabezado por Maggy Oribio de L\u00e1zaro fortalece los programas que eleven la calidad de vida de los ni\u00f1os y ni\u00f1as, donde la educaci\u00f3n es prioridad para su desarrollo profesional.<\/p>\n<p>&nbsp;<\/p>\n<p>Actualmente se atiende \u00a0a los ni\u00f1os en edad preescolar del \u00e1rea rural, que por su poblaci\u00f3n tan peque\u00f1a no son atendidos por la Secretar\u00eda de Educaci\u00f3n en el Estado (SEE), ni el Consejo Nacional de Fomento Educativo (CONAFE), por lo que el DIF Morelia opera 5 Centros de Atenci\u00f3n Infantil Comunitarios (C.A.I.C.), otorgando educaci\u00f3n preescolar con validez oficial, beneficiando a 59 menores a quienes adem\u00e1s, este inicio de a\u00f1o se les entreg\u00f3 a todos los menores un par de zapatos escolares.<\/p>\n<p>Adicionalmente se operan dos Ludotecas en las que los menores puedan desarrollar mayores habilidades aprendiendo por medio del juego. Este espacio permite adem\u00e1s, revisar y \u00a0detectar problemas psicol\u00f3gicos y maltrato infantil, logrando atender de manera oportuna a 352 ni\u00f1os.<\/p>\n<p>&nbsp;<\/p>\n<p>De acuerdo al director del DIF Morelia, Carlos Hern\u00e1ndez L\u00f3pez, es de inter\u00e9s para la presidenta de este organismo Maggy Oribio de L\u00e1zaro, el tema de los ni\u00f1os trabajadores urbano-marginales, por lo tanto a trav\u00e9s del Programa de Menores y Adolescentes en Riesgo (P.A.M.A.R.), se ha logrado otorgar 265 becas y despensas a menores con la condici\u00f3n de que se retiren de los cruceros.<\/p>\n<p>&nbsp;<\/p>\n<p>&nbsp;<\/p>\n<p>&nbsp;<\/p>\n<p>La intenci\u00f3n es que los menores retomen sus estudios; las becas otorgadas se lograron gracias a la coordinaci\u00f3n de esfuerzos con el gobierno federal, estatal y la iniciativa privada.<\/p>\n<p>&nbsp;<\/p>\n<p>Adem\u00e1s, a la familia de los menores se les brindaron \u00a092 asesor\u00edas jur\u00eddicas, 151 tr\u00e1mites jur\u00eddicos y 229 sesiones de terapia psicol\u00f3gica; adem\u00e1s, se realizaron\u00a0 talleres sobre\u00a0 educaci\u00f3n sexual y prevenci\u00f3n de embarazos.<\/p>\n<p>&nbsp;<\/p>\n<p>A trav\u00e9s de el Programa de Menores y Adolecentes en Riesgo ha realizado 874 visitas domiciliarias de trabajo social, 250 recorridos en 47 cruceros y 16 operativos especiales en coordinaci\u00f3n\u00a0 con\u00a0 la\u00a0 Direcci\u00f3n\u00a0 de\u00a0 Mercados; \u00a0y se \u00a0han impartido 21 pl\u00e1ticas de orientaci\u00f3n y prevenci\u00f3n sobre\u00a0 riesgos psicosociales a 632 personas.<\/p>\n","protected":false},"excerpt":{"rendered":"<p>Los menores, representan una de las principales preocupaciones y ocupaciones de la actual administraci\u00f3n municipal, es por ello, que el Sistema DIF Morelia, encabezado por Maggy Oribio de L\u00e1zaro fortalece los programas que eleven la calidad de vida de los ni\u00f1os y ni\u00f1as, donde la educaci\u00f3n es prioridad para su desarrollo profesional.<\/p>\n","protected":false},"author":1,"featured_media":0,"comment_status":"open","ping_status":"open","sticky":false,"template":"","format":"standard","meta":{"footnotes":""},"categories":[9],"tags":[],"class_list":["post-1651","post","type-post","status-publish","format-standard","hentry","category-morelia"],"_links":{"self":[{"href":"https:\/\/radiowebmx.com\/nota\/wp-json\/wp\/v2\/posts\/1651","targetHints":{"allow":["GET"]}}],"collection":[{"href":"https:\/\/radiowebmx.com\/nota\/wp-json\/wp\/v2\/posts"}],"about":[{"href":"https:\/\/radiowebmx.com\/nota\/wp-json\/wp\/v2\/types\/post"}],"author":[{"embeddable":true,"href":"https:\/\/radiowebmx.com\/nota\/wp-json\/wp\/v2\/users\/1"}],"replies":[{"embeddable":true,"href":"https:\/\/radiowebmx.com\/nota\/wp-json\/wp\/v2\/comments?post=1651"}],"version-history":[{"count":1,"href":"https:\/\/radiowebmx.com\/nota\/wp-json\/wp\/v2\/posts\/1651\/revisions"}],"predecessor-version":[{"id":1652,"href":"https:\/\/radiowebmx.com\/nota\/wp-json\/wp\/v2\/posts\/1651\/revisions\/1652"}],"wp:attachment":[{"href":"https:\/\/radiowebmx.com\/nota\/wp-json\/wp\/v2\/media?parent=1651"}],"wp:term":[{"taxonomy":"category","embeddable":true,"href":"https:\/\/radiowebmx.com\/nota\/wp-json\/wp\/v2\/categories?post=1651"},{"taxonomy":"post_tag","embeddable":true,"href":"https:\/\/radiowebmx.com\/nota\/wp-json\/wp\/v2\/tags?post=1651"}],"curies":[{"name":"wp","href":"https:\/\/api.w.org\/{rel}","templated":true}]}}